{"id":14229,"date":"2018-01-13T09:35:46","date_gmt":"2018-01-13T08:35:46","guid":{"rendered":"http:\/\/www.messinaoggi.it\/website\/?p=14229"},"modified":"2018-01-13T09:35:46","modified_gmt":"2018-01-13T08:35:46","slug":"intensa-grandinata-messina-si-tinge-di-bianco","status":"publish","type":"post","link":"https:\/\/www.messinaoggi.it\/website\/2018\/01\/13\/intensa-grandinata-messina-si-tinge-di-bianco\/","title":{"rendered":"Intensa grandinata, Messina si tinge di bianco"},"content":{"rendered":"<p>Un&#8217;intensa grandinata ieri sera tra le 18.30 e le 20, un&#8217;altra questa mattina intorno alle 7, cos\u00ec Messina si \u00e8 risvegliata imbiancata. Scenario decisamente insolito per la citt\u00e0 dello Stretto, alle prese con il primo vero abbassamento della temperatura dall&#8217;inizio dell&#8217;anno.<br \/>\nIl fenomeno meteo si \u00e8 verificato nella litoranea nord tra Ganzirri, Faro Superiore e Sperone.\u00a0 Ben\u00a039mm\u00a0di pioggia e grandine caduti a Ganzirri, dove\u00a0 la temperatura ha registrato un crollo da +15\u00b0C ai + 6 C\u00b0.<br \/>\nIl violento temporale \u00e8 stato caratterizzato da una tempesta di fulmini caduti sulle acque dello Stretto. La copiosa quantit\u00e0 di grandine ha imbiancato anche la spiaggia.<br \/>\nEd oggi \u00e8 prevista un\u2019altra giornata all\u2019insegna dell&#8217;instabilit\u00e0 con temperature che oscilleranno tra i 5 e gli 13 gradi.<div id=\"div-gpt-ad-Messinaoggi.it-DSK-300x250-corpoart\" style=\"text-align:center;margin:0 auto;\"><\/div><\/p>\n<div id=\"videoincontent\" style=\"clear:both\";><\/div>","protected":false},"excerpt":{"rendered":"<p>Un&#8217;intensa grandinata ieri sera tra le 18.30 e le 20, un&#8217;altra questa mattina intorno alle 7, cos\u00ec Messina si \u00e8 risvegliata imbiancata. Scenario decisamente insolito per la citt\u00e0 dello Stretto, alle prese con il primo vero abbassamento della temperatura dall&#8217;inizio dell&#8217;anno. Il fenomeno meteo si \u00e8 verificato nella litoranea nord tra Ganzirri, Faro Superiore e [&hellip;]<\/p>\n","protected":false},"author":2,"featured_media":14230,"comment_status":"closed","ping_status":"open","sticky":false,"template":"","format":"standard","meta":{"ub_ctt_via":"","_mi_skip_tracking":false},"categories":[6],"tags":[],"featured_image_src":"https:\/\/www.messinaoggi.it\/website\/wp-content\/uploads\/2018\/01\/maltempo-grandinata-s.-agata-1.jpg","author_info":{"display_name":"Redazione","author_link":"https:\/\/www.messinaoggi.it\/website\/author\/redazione\/"},"digistream_id":0,"digistream":false,"_links":{"self":[{"href":"https:\/\/www.messinaoggi.it\/website\/wp-json\/wp\/v2\/posts\/14229"}],"collection":[{"href":"https:\/\/www.messinaoggi.it\/website\/wp-json\/wp\/v2\/posts"}],"about":[{"href":"https:\/\/www.messinaoggi.it\/website\/wp-json\/wp\/v2\/types\/post"}],"author":[{"embeddable":true,"href":"https:\/\/www.messinaoggi.it\/website\/wp-json\/wp\/v2\/users\/2"}],"replies":[{"embeddable":true,"href":"https:\/\/www.messinaoggi.it\/website\/wp-json\/wp\/v2\/comments?post=14229"}],"version-history":[{"count":0,"href":"https:\/\/www.messinaoggi.it\/website\/wp-json\/wp\/v2\/posts\/14229\/revisions"}],"wp:featuredmedia":[{"embeddable":true,"href":"https:\/\/www.messinaoggi.it\/website\/wp-json\/wp\/v2\/media\/14230"}],"wp:attachment":[{"href":"https:\/\/www.messinaoggi.it\/website\/wp-json\/wp\/v2\/media?parent=14229"}],"wp:term":[{"taxonomy":"category","embeddable":true,"href":"https:\/\/www.messinaoggi.it\/website\/wp-json\/wp\/v2\/categories?post=14229"},{"taxonomy":"post_tag","embeddable":true,"href":"https:\/\/www.messinaoggi.it\/website\/wp-json\/wp\/v2\/tags?post=14229"}],"curies":[{"name":"wp","href":"https:\/\/api.w.org\/{rel}","templated":true}]}}