{"id":142285,"date":"2023-02-16T18:25:43","date_gmt":"2023-02-16T17:25:43","guid":{"rendered":"http:\/\/www.messinaoggi.it\/website\/?p=142285"},"modified":"2023-02-16T18:25:44","modified_gmt":"2023-02-16T17:25:44","slug":"inclusione-ragazzi-con-autismo-lavoreranno-allambiente-stadium","status":"publish","type":"post","link":"https:\/\/www.messinaoggi.it\/website\/2023\/02\/16\/inclusione-ragazzi-con-autismo-lavoreranno-allambiente-stadium\/","title":{"rendered":"Inclusione, ragazzi con autismo lavoreranno all&#8217;Ambiente Stadium"},"content":{"rendered":"\n<p>Al via il progetto di inclusione frutto della sinergia tra l\u2019UOC di Neuropsichiatria Infantile dell\u2019AOU \u201cG. Martino\u201d e la Societ\u00e0 SSD Camaro 1969. Accrescere l\u2019autostima e abbattere ogni forma di discriminazione favorendo l\u2019inclusione sociale. Sono alcuni degli obiettivi principali che caratterizzano il progetto \u201cLavorare con (dis)abilit\u00e0\u201d, presentato stamani nella sala ovale del Comune di Messina. Grazie a questa iniziativa &#8211; frutto di un protocollo d\u2019intesa siglato tra l\u2019AOU \u201cG. Martino\u201d di Messina e la Societ\u00e0 SSD Camaro 1969 \u2013 \u00adquattro ragazzi affetti da disturbo dello spettro autistico lavoreranno, con un regolare contratto, all\u2019interno dell\u2019area ristoro dell\u2019 \u201cAmbiente Stadium\u201d di Bisconte, di propriet\u00e0 del Comune di Messina.<div id=\"div-gpt-ad-Messinaoggi.it-DSK-300x250-corpoart\" style=\"text-align:center;margin:0 auto;\"><\/div><\/p>\n\n\n\n<p>Un progetto che accoglie la sfida di un reale inserimento sociale per ragazzi e giovani adulti con Disturbo dello Spettro Autistico. Sono 4, tutti maggiori di 16 anni, i ragazzi che inizieranno nei prossimi giorni e che sono stati selezionati sulla base di criteri clinici specifici, presso gli ambulatori del percorso Autismo Il Brucaliffo, dell\u2019UOC di Neuropsichiatria Infantile diretta dalla Prof.ssa Gabriella Di Rosa.<div id=\"videoincontent\" style=\"clear:both\";><\/div><\/p>\n\n\n\n<p>&#8220;Il ruolo dell\u2019\u00e9quipe dell\u2019azienda ospedaliera universitaria &#8211; ha sottolineato la Prof.ssa Di Rosa &#8211; non \u00e8 solo quello di tracciare il profilo pi\u00f9 appropriato, ma prevede anche un affiancamento al datore di lavoro e ai tutor che li guideranno affinch\u00e9 siano preparati alla comprensione di diversi funzionamenti emotivi e alla gestione dei ragazzi, sia nei rapporti sociali che professionali&#8221;. Una sinergia quella sviluppata che, in linea con i valori tipici dello sport, punta sul gioco di squadra e mira ad una presa in carico globale del paziente, guidandolo nel corso del suo sviluppo e della sua crescita. Un progetto pilota in ambito territoriale che potrebbe fornire un modello da esportare anche per altri pazienti affetti da un disturbo del Neurosviluppo.<\/p>\n\n\n\n<p>Hanno lavorato in modo assiduo per pianificare e concretizzare il progetto la dott.ssa Marilena Briguglio, neuropsichiatra infantile, responsabile del Brucaliffo Percorso Autismo, la neuropsichiatra Dott.ssa Valentina Colucci e la dott.ssa Francesca La Fauci Belponer, neuropsicomotricista. Oggi, durante la conferenza stampa la dott. ssa Briguglio e la dott.ssa Belponer hanno descritto le caratteristiche del progetto mettendo in evidenza il valore e l\u2019importanza che esso riveste per i ragazzi, e non solo: un\u2019esperienza che determina una crescita anche per coloro che accoglieranno questi ragazzi.<\/p>\n\n\n\n<p>\u201cMi auguro che questo importante progetto &#8211; ha detto il Rettore, Prof. Salvatore Cuzzocrea &#8211; sia solo il primo di tanti altri e che anche altre associazioni ed enti possano in futuro pensare a programmi simili per abbattere le barriere sociali e professionali, che troppo spesso sono causa di isolamento per questi giovani \u201d.<\/p>\n\n\n\n<p>\u201cAbbiamo sostenuto e incoraggiato la realizzazione di tale progetto \u2013 sottolinea il Direttore Sanitario dell\u2019AOU \u201cG. Martino\u201d dott. Giuseppe Murolo \u2013 perch\u00e9 siamo convinti che, specie nel caso di alcune patologie, sia essenziale andare al di l\u00e0 delle mura ospedaliera. Operare in sinergia con il territorio pu\u00f2 fare la differenza laddove le terapie non sono farmacologiche, ma soprattutto relazionali. Un ringraziamento va certamente alla societ\u00e0 sportiva SSD Camaro 1969 per la sensibilit\u00e0 dimostrata: l\u2019attenzione verso un progetto che promuove l\u2019inclusione pu\u00f2 anche servire da modello e esempio per altre aziende presenti sul territorio cittadino\u201d.<\/p>\n\n\n\n<p>\u201cSono felice e particolarmente emozionato per l\u2019avvio di questo progetto che, dopo tanto lavoro, \u00e8 finalmente pronto a trovare attuazione \u2013 ha detto Pierluigi Parisi, promotore dell\u2019iniziativa -. Ringrazio infinitamente il Policlinico di Messina e la societ\u00e0 Camaro, grazie al cui impegno sar\u00e0 offerta un&#8217;importante occasione lavorativa a dei ragazzi che altrimenti, specie dopo aver terminato gli anni della scuola dell&#8217;obbligo, rischiano di rimanere isolati nelle loro camerette e con il solo supporto delle proprie famiglie. Cos\u00ec invece questi ragazzi avranno la possibilit\u00e0 di apprendere e sviluppare nuove competenze ed affacciarsi nel mondo del lavoro, crescere umanamente, socializzare. Mi auguro che questo progetto possa fungere anche da modello e fonte di ispirazione per altre aziende e societ\u00e0, e che in tanti possano dar vita ad iniziative del genere, che possa rappresentare un primo piccolo ma significativo passo per una grande causa\u201d.<\/p>\n\n\n\n<p>Cos\u00ec Antonio D&#8217;Arrigo, Presidente SSD Camaro 1969: \u201c Fin dall&#8217;avvio della nostra attivit\u00e0 abbiamo dedicato la necessaria attenzione al sociale e dato vita ad iniziative finalizzate a sostenere le fasce pi\u00f9 deboli e bisognose di supporto. Parallelamente alla creazione del punto ristoro all&#8217;interno del &#8220;L&#8217;ambiente Stadium&#8221;, abbiamo portato avanti il progetto &#8220;Lavorare con (dis)abilit\u00e0&#8221;. A darci lo spunto un servizio delle Iene che raccontava dell&#8217;iniziativa avviata da una pizzeria. Ne ho subito parlato con l&#8217;amico Pierluigi Parisi, attento e sensibile a queste tematiche, e lui, a sua volta, ha trovato immediatamente il favore e il supporto del Policlinico di Messina, che ringrazio personalmente e a nome della societ\u00e0 che presiedo per la disponibilit\u00e0 e l&#8217;indispensabile collaborazione. I ragazzi avranno la possibilit\u00e0 di lavorare non solo all&#8217;interno di un locale, ma per di pi\u00f9 a stretto contatto con il mondo dello sport, che da sempre favorisce la socializzazione e lo spirito di aggregazione. Speriamo che il nostro non resti un caso isolato ma che possa servire da stimolo e da esempio anche per altre attivit\u00e0, in qualunque settore lavorativo\u201d.<\/p>\n\n\n\n<p>Alla conferenza stampa sono intervenuti anche l\u2019Assessore alle Politiche Sociali Alessandra Calafiore e l\u2019Assessore alle politiche Sportive Massimo Finocchiaro.<\/p>\n","protected":false},"excerpt":{"rendered":"<p>Al via il progetto di inclusione frutto della sinergia tra l\u2019UOC di Neuropsichiatria Infantile dell\u2019AOU \u201cG. Martino\u201d e la Societ\u00e0 SSD Camaro 1969. Accrescere l\u2019autostima e abbattere ogni forma di discriminazione favorendo l\u2019inclusione sociale. Sono alcuni degli obiettivi principali che caratterizzano il progetto \u201cLavorare con (dis)abilit\u00e0\u201d, presentato stamani nella sala ovale del Comune di Messina. [&hellip;]<\/p>\n","protected":false},"author":8,"featured_media":142286,"comment_status":"open","ping_status":"open","sticky":false,"template":"","format":"standard","meta":{"ub_ctt_via":"","_mi_skip_tracking":false},"categories":[5],"tags":[810,5422,556,253],"featured_image_src":"https:\/\/www.messinaoggi.it\/website\/wp-content\/uploads\/2023\/02\/58de122a-e944-4a29-a70c-b462b2231052.jpeg","author_info":{"display_name":"red..me","author_link":"https:\/\/www.messinaoggi.it\/website\/author\/redstage\/"},"digistream_id":0,"digistream":false,"_links":{"self":[{"href":"https:\/\/www.messinaoggi.it\/website\/wp-json\/wp\/v2\/posts\/142285"}],"collection":[{"href":"https:\/\/www.messinaoggi.it\/website\/wp-json\/wp\/v2\/posts"}],"about":[{"href":"https:\/\/www.messinaoggi.it\/website\/wp-json\/wp\/v2\/types\/post"}],"author":[{"embeddable":true,"href":"https:\/\/www.messinaoggi.it\/website\/wp-json\/wp\/v2\/users\/8"}],"replies":[{"embeddable":true,"href":"https:\/\/www.messinaoggi.it\/website\/wp-json\/wp\/v2\/comments?post=142285"}],"version-history":[{"count":1,"href":"https:\/\/www.messinaoggi.it\/website\/wp-json\/wp\/v2\/posts\/142285\/revisions"}],"predecessor-version":[{"id":142287,"href":"https:\/\/www.messinaoggi.it\/website\/wp-json\/wp\/v2\/posts\/142285\/revisions\/142287"}],"wp:featuredmedia":[{"embeddable":true,"href":"https:\/\/www.messinaoggi.it\/website\/wp-json\/wp\/v2\/media\/142286"}],"wp:attachment":[{"href":"https:\/\/www.messinaoggi.it\/website\/wp-json\/wp\/v2\/media?parent=142285"}],"wp:term":[{"taxonomy":"category","embeddable":true,"href":"https:\/\/www.messinaoggi.it\/website\/wp-json\/wp\/v2\/categories?post=142285"},{"taxonomy":"post_tag","embeddable":true,"href":"https:\/\/www.messinaoggi.it\/website\/wp-json\/wp\/v2\/tags?post=142285"}],"curies":[{"name":"wp","href":"https:\/\/api.w.org\/{rel}","templated":true}]}}