{"id":142240,"date":"2023-02-16T14:32:52","date_gmt":"2023-02-16T13:32:52","guid":{"rendered":"https:\/\/www.messinaoggi.it\/website\/2023\/02\/16\/si-e-insediato-il-nuovo-presidente-di-ersu-palermo-varato-il-bilancio-di-previsione\/"},"modified":"2023-02-16T14:32:52","modified_gmt":"2023-02-16T13:32:52","slug":"si-e-insediato-il-nuovo-presidente-di-ersu-palermo-varato-il-bilancio-di-previsione","status":"publish","type":"post","link":"https:\/\/www.messinaoggi.it\/website\/2023\/02\/16\/si-e-insediato-il-nuovo-presidente-di-ersu-palermo-varato-il-bilancio-di-previsione\/","title":{"rendered":"Si \u00e8 insediato il nuovo presidente di Ersu Palermo, varato il bilancio di previsione"},"content":{"rendered":"<div>\n<p>PALERMO (ITALPRESS) \u2013 Si \u00e8 insediato nel Consiglio di Amministrazione il nuovo presidente di Ersu Palermo, Michele D\u2019Amico. L\u2019organo di governo dell\u2019Ente che si occupa del diritto allo studio per le universit\u00e0, le accademie di belle arti e i conservatori di musica della Sicilia occidentale, comprende la rappresentante dei docenti, Antonella Sciortino, e i rappresentati degli studenti Adelaide Carista, Giorgio Gennusa ed Emanuele Nasello. Mentre direttore dell\u2019Ente \u00e8 Ernesto Bruno.<br \/>Il Bilancio di previsione per l\u2019anno 2023, approvato con una previsione di spesa di 42,8 milioni di euro, \u00e8 stato tra i temi all\u2019ordine del giorno della seduta di ieri. <br \/>\u201cIl bilancio di previsione 2023 \u2013 sottolinea il presidente Ersu, Michele D\u2019Amico \u2013 prevede la spesa di almeno 40 milioni di euro per il pagamento delle borse di studio, alloggi e ristorazione dei pi\u00f9 di 11mila studenti universitari risultati idonei, anche in linea con le direttive dell\u2019assessore regionale dell\u2019Istruzione Girolamo Turano. Un milione di euro sono, invece, gli oneri tributari a carico dell\u2019ente, quasi un milione \u00e8 la spesa per il personale che grava sul bilancio dell\u2019ERSU, 0,36 milioni di euro \u00e8 il fondo di riserva, pi\u00f9 spese di gestione per la rimanente parte (acqua, software, spese varie di gestione). Ma \u2013 sottolinea il presidente Michele D\u2019Amico \u2013 con il ritorno alla normalit\u00e0 post-covid, abbiamo voluto prestare attenzione al benessere complessivo degli studenti, con la possibilit\u00e0 di nuove opportunit\u00e0 per gli studenti che saranno oggetto della prossima discussione in C.di A., nonch\u00e8 per il potenziamento del posizionamento dell\u2019ente nel panorama nazionale che ci consenta di drenare nuove risorse verso Ersu Palermo e i suoi studenti, nell\u2019ottica di una visione lungimirante e di lungo termine che dia una nuova strategia all\u2019Ersu e che non si occupi solamente di gestire il quotidiano e il piccolo cabotaggio senza una vera visione del futuro. In quest\u2019ambito rientra anche l\u2019annuncio fatto ieri pomeriggio da me, a nome dell\u2019ERSU Palermo, al Ministro dell\u2019Universit\u00e0, Anna Maria Bernini, in collegamento video con gli enti per il diritto allo studio italiani, in relazione all\u2019apertura di due nuove case dello studente a Palermo entro il mese di febbraio: il complesso San Salvatore, per 96 posti letto, e il complesso San Nicol\u00f2 all\u2019Albergheria, per 48 posti letto. Oggi, in proposito, \u00e8 in pubblicazione la determina di assegnazione dei primi 58 posti letto agli studenti universitari aventi diritto\u201d.<br \/>I lavori del Consiglio di Amministrazione proseguiranno nel pomeriggio di luned\u00ec 20 febbraio.<br \/>foto ufficio stampa Ersu Palermo<br \/>(ITALPRESS).<div id=\"div-gpt-ad-Messinaoggi.it-DSK-300x250-corpoart\" style=\"text-align:center;margin:0 auto;\"><\/div><\/p>\n<\/div>\n<div id=\"videoincontent\" style=\"clear:both\";><\/div>","protected":false},"excerpt":{"rendered":"<p>PALERMO (ITALPRESS) \u2013 Si \u00e8 insediato nel Consiglio di Amministrazione il nuovo presidente di Ersu Palermo, Michele D\u2019Amico. L\u2019organo di governo dell\u2019Ente che si occupa del diritto allo studio per le universit\u00e0, le accademie di belle arti e i conservatori di musica della Sicilia occidentale, comprende la rappresentante dei docenti, Antonella Sciortino, e i rappresentati [&hellip;]<\/p>\n","protected":false},"author":18,"featured_media":142241,"comment_status":"closed","ping_status":"closed","sticky":false,"template":"","format":"standard","meta":{"ub_ctt_via":"","_mi_skip_tracking":false},"categories":[2449],"tags":[783],"featured_image_src":"https:\/\/www.messinaoggi.it\/website\/wp-content\/uploads\/2023\/02\/20230216_0751.jpg","author_info":{"display_name":"Admin","author_link":"https:\/\/www.messinaoggi.it\/website\/author\/admin\/"},"digistream_id":0,"digistream":false,"_links":{"self":[{"href":"https:\/\/www.messinaoggi.it\/website\/wp-json\/wp\/v2\/posts\/142240"}],"collection":[{"href":"https:\/\/www.messinaoggi.it\/website\/wp-json\/wp\/v2\/posts"}],"about":[{"href":"https:\/\/www.messinaoggi.it\/website\/wp-json\/wp\/v2\/types\/post"}],"author":[{"embeddable":true,"href":"https:\/\/www.messinaoggi.it\/website\/wp-json\/wp\/v2\/users\/18"}],"replies":[{"embeddable":true,"href":"https:\/\/www.messinaoggi.it\/website\/wp-json\/wp\/v2\/comments?post=142240"}],"version-history":[{"count":0,"href":"https:\/\/www.messinaoggi.it\/website\/wp-json\/wp\/v2\/posts\/142240\/revisions"}],"wp:featuredmedia":[{"embeddable":true,"href":"https:\/\/www.messinaoggi.it\/website\/wp-json\/wp\/v2\/media\/142241"}],"wp:attachment":[{"href":"https:\/\/www.messinaoggi.it\/website\/wp-json\/wp\/v2\/media?parent=142240"}],"wp:term":[{"taxonomy":"category","embeddable":true,"href":"https:\/\/www.messinaoggi.it\/website\/wp-json\/wp\/v2\/categories?post=142240"},{"taxonomy":"post_tag","embeddable":true,"href":"https:\/\/www.messinaoggi.it\/website\/wp-json\/wp\/v2\/tags?post=142240"}],"curies":[{"name":"wp","href":"https:\/\/api.w.org\/{rel}","templated":true}]}}