{"id":142200,"date":"2023-02-16T10:02:20","date_gmt":"2023-02-16T09:02:20","guid":{"rendered":"http:\/\/www.messinaoggi.it\/website\/?p=142200"},"modified":"2023-02-16T10:02:23","modified_gmt":"2023-02-16T09:02:23","slug":"s-agata-aggiudicato-il-servizio-mensa-scolastica","status":"publish","type":"post","link":"https:\/\/www.messinaoggi.it\/website\/2023\/02\/16\/s-agata-aggiudicato-il-servizio-mensa-scolastica\/","title":{"rendered":"S. Agata, aggiudicato il servizio mensa scolastica"},"content":{"rendered":"\n<p>La Centrale Unica di Committenza \u201cTirreno Ecosviluppo 2000\u201d ha aggiudicato la gara per l\u2019affidamento sino a luglio 2024 del servizio di refezione per asilo nido, scuole dell\u2019infanzia e primarie del comune di Sant\u2019Agata Militello. L\u2019offerta migliore \u00e8 risultata essere quella della cooperativa \u201cLe Palme Ristorazione &amp; Servizi srl\u201d, gi\u00e0 in atto gestore della mensa.<div id=\"div-gpt-ad-Messinaoggi.it-DSK-300x250-corpoart\" style=\"text-align:center;margin:0 auto;\"><\/div><\/p>\n\n\n\n<p>   Come comunicato per tempo alle scuole interessate, il servizio di refezione \u00e8 stato dunque sospeso a partire da oggi, mercoled\u00ec 15 febbraio, ma a seguito dell\u2019aggiudicazione della gara e dei contatti intercorsi con l\u2019impresa stessa \u00e8 stata garantita, trascorsi i tempi burocratici, una riattivazione tempestiva del servizio. La sospensione della mensa, complice la concomitanza del Carnevale e la sospensione delle attivit\u00e0 didattiche per la disinfestazione nelle giornate di luned\u00ec e marted\u00ec prossimi, sar\u00e0 dunque limitata verosimilmente a pochissimi giorni. Si ringraziano le dirigenti scolastiche, il personale e le famiglie tutte per lo spirito di collaborazione dimostrato.<br>   Per completezza, si segnala come il comune, ai fini della continuit\u00e0 del servizio e nell\u2019impossibilit\u00e0 di procedere a proroghe, avesse gi\u00e0 richiesto per tempo l\u2019esecuzione della nuova gara con procedura rapida alla Centrale Unica di Committenza che per\u00f2, con qualche ritardo dovuto anche al sovraccarico delle pratiche del PNRR, ha fissato i termini per l&#8217;apertura delle buste dapprima al giorno 8 febbraio, differiti poi al 13 febbraio.<div id=\"videoincontent\" style=\"clear:both\";><\/div><\/p>\n\n\n\n<p>   Le famiglie, come avviene ormai da un paio d\u2019anni, potranno continuare ad usufruire della mensa attraverso l\u2019app \u201cDonacod\u201d, che permette di gestire interamente i servizi di refezione scolastica, senza alcun costo aggiuntivo, attraverso la piattaforma telematica.<\/p>\n","protected":false},"excerpt":{"rendered":"<p>La Centrale Unica di Committenza \u201cTirreno Ecosviluppo 2000\u201d ha aggiudicato la gara per l\u2019affidamento sino a luglio 2024 del servizio di refezione per asilo nido, scuole dell\u2019infanzia e primarie del comune di Sant\u2019Agata Militello. L\u2019offerta migliore \u00e8 risultata essere quella della cooperativa \u201cLe Palme Ristorazione &amp; Servizi srl\u201d, gi\u00e0 in atto gestore della mensa. Come [&hellip;]<\/p>\n","protected":false},"author":2,"featured_media":43342,"comment_status":"open","ping_status":"open","sticky":false,"template":"","format":"standard","meta":{"ub_ctt_via":"","_mi_skip_tracking":false},"categories":[13,18],"tags":[2005,2004,1145,6703],"featured_image_src":"https:\/\/www.messinaoggi.it\/website\/wp-content\/uploads\/2020\/05\/Mancuso-Bruno-Area-popolare.jpg","author_info":{"display_name":"Redazione","author_link":"https:\/\/www.messinaoggi.it\/website\/author\/redazione\/"},"digistream_id":0,"digistream":false,"_links":{"self":[{"href":"https:\/\/www.messinaoggi.it\/website\/wp-json\/wp\/v2\/posts\/142200"}],"collection":[{"href":"https:\/\/www.messinaoggi.it\/website\/wp-json\/wp\/v2\/posts"}],"about":[{"href":"https:\/\/www.messinaoggi.it\/website\/wp-json\/wp\/v2\/types\/post"}],"author":[{"embeddable":true,"href":"https:\/\/www.messinaoggi.it\/website\/wp-json\/wp\/v2\/users\/2"}],"replies":[{"embeddable":true,"href":"https:\/\/www.messinaoggi.it\/website\/wp-json\/wp\/v2\/comments?post=142200"}],"version-history":[{"count":1,"href":"https:\/\/www.messinaoggi.it\/website\/wp-json\/wp\/v2\/posts\/142200\/revisions"}],"predecessor-version":[{"id":142201,"href":"https:\/\/www.messinaoggi.it\/website\/wp-json\/wp\/v2\/posts\/142200\/revisions\/142201"}],"wp:featuredmedia":[{"embeddable":true,"href":"https:\/\/www.messinaoggi.it\/website\/wp-json\/wp\/v2\/media\/43342"}],"wp:attachment":[{"href":"https:\/\/www.messinaoggi.it\/website\/wp-json\/wp\/v2\/media?parent=142200"}],"wp:term":[{"taxonomy":"category","embeddable":true,"href":"https:\/\/www.messinaoggi.it\/website\/wp-json\/wp\/v2\/categories?post=142200"},{"taxonomy":"post_tag","embeddable":true,"href":"https:\/\/www.messinaoggi.it\/website\/wp-json\/wp\/v2\/tags?post=142200"}],"curies":[{"name":"wp","href":"https:\/\/api.w.org\/{rel}","templated":true}]}}