{"id":142198,"date":"2023-02-16T09:59:52","date_gmt":"2023-02-16T08:59:52","guid":{"rendered":"http:\/\/www.messinaoggi.it\/website\/?p=142198"},"modified":"2023-02-16T09:59:54","modified_gmt":"2023-02-16T08:59:54","slug":"risanamento-floridia-bocciata-proroga-prefetto","status":"publish","type":"post","link":"https:\/\/www.messinaoggi.it\/website\/2023\/02\/16\/risanamento-floridia-bocciata-proroga-prefetto\/","title":{"rendered":"Risanamento, Floridia: &#8220;bocciata proroga Prefetto&#8221;"},"content":{"rendered":"\n<p>La senatrice messinese\u00a0<strong>Barbara Floridia (M5S)<\/strong>, ha presentato un emendamento al Milleproroghe che chiedeva la proroga del Prefetto a rivestire il ruolo di Commissario Straordinario per il risanamento delle baraccopoli di Messina.<div id=\"div-gpt-ad-Messinaoggi.it-DSK-300x250-corpoart\" style=\"text-align:center;margin:0 auto;\"><\/div><\/p>\n\n\n\n<p>&#8220;L&#8217;emendamento \u00e8 stato bocciato dalla maggioranza che ha voluto cos\u00ec spogliare ancora una volta Messina di un ruolo di primo piano anche su questioni che riguardano la stessa Citt\u00e0 dello Stretto. Quindi, sar\u00e0 il Presidente della Regione Sicilia, Renato Schifani ad essere il nuovo Commissario Straordinario.<div id=\"videoincontent\" style=\"clear:both\";><\/div><\/p>\n\n\n\n<p>La proroga del Prefetto di Messina, fino al 31 dicembre 2024, sarebbe stata una scelta di buonsenso, visto il suo ottimo operato di questi mesi e non avrebbe avuto senso cambiare, proprio in questo momento, la struttura commissariale. Per il bene di Messina si sarebbe dovuto dare continuit\u00e0 al lavoro gi\u00e0 svolto. Grave \u00e8 anche il fatto che abbiano trasformato la struttura in un \u2018postificio\u2019. E\u2019 un segnale molto preoccupante, visto che stanno scippando alla nostra citt\u00e0 il coordinamento dello sbaraccamento, che rappresenta il punto di partenza della rinascita di Messina\u201d, dichiara la messinese\u00a0<strong>Barbara Floridia, Capogruppo del MoVimento 5 Stelle in Senato<\/strong>.<\/p>\n","protected":false},"excerpt":{"rendered":"<p>La senatrice messinese\u00a0Barbara Floridia (M5S), ha presentato un emendamento al Milleproroghe che chiedeva la proroga del Prefetto a rivestire il ruolo di Commissario Straordinario per il risanamento delle baraccopoli di Messina. &#8220;L&#8217;emendamento \u00e8 stato bocciato dalla maggioranza che ha voluto cos\u00ec spogliare ancora una volta Messina di un ruolo di primo piano anche su questioni [&hellip;]<\/p>\n","protected":false},"author":15,"featured_media":118817,"comment_status":"open","ping_status":"open","sticky":false,"template":"","format":"standard","meta":{"ub_ctt_via":"","_mi_skip_tracking":false},"categories":[6],"tags":[699,5762,6532,3145,1817,642],"featured_image_src":"https:\/\/www.messinaoggi.it\/website\/wp-content\/uploads\/2022\/08\/Floridia.jpeg","author_info":{"display_name":"red.me","author_link":"https:\/\/www.messinaoggi.it\/website\/author\/red-me\/"},"digistream_id":0,"digistream":false,"_links":{"self":[{"href":"https:\/\/www.messinaoggi.it\/website\/wp-json\/wp\/v2\/posts\/142198"}],"collection":[{"href":"https:\/\/www.messinaoggi.it\/website\/wp-json\/wp\/v2\/posts"}],"about":[{"href":"https:\/\/www.messinaoggi.it\/website\/wp-json\/wp\/v2\/types\/post"}],"author":[{"embeddable":true,"href":"https:\/\/www.messinaoggi.it\/website\/wp-json\/wp\/v2\/users\/15"}],"replies":[{"embeddable":true,"href":"https:\/\/www.messinaoggi.it\/website\/wp-json\/wp\/v2\/comments?post=142198"}],"version-history":[{"count":1,"href":"https:\/\/www.messinaoggi.it\/website\/wp-json\/wp\/v2\/posts\/142198\/revisions"}],"predecessor-version":[{"id":142199,"href":"https:\/\/www.messinaoggi.it\/website\/wp-json\/wp\/v2\/posts\/142198\/revisions\/142199"}],"wp:featuredmedia":[{"embeddable":true,"href":"https:\/\/www.messinaoggi.it\/website\/wp-json\/wp\/v2\/media\/118817"}],"wp:attachment":[{"href":"https:\/\/www.messinaoggi.it\/website\/wp-json\/wp\/v2\/media?parent=142198"}],"wp:term":[{"taxonomy":"category","embeddable":true,"href":"https:\/\/www.messinaoggi.it\/website\/wp-json\/wp\/v2\/categories?post=142198"},{"taxonomy":"post_tag","embeddable":true,"href":"https:\/\/www.messinaoggi.it\/website\/wp-json\/wp\/v2\/tags?post=142198"}],"curies":[{"name":"wp","href":"https:\/\/api.w.org\/{rel}","templated":true}]}}