{"id":14214,"date":"2018-01-12T13:23:43","date_gmt":"2018-01-12T12:23:43","guid":{"rendered":"http:\/\/www.messinaoggi.it\/website\/?p=14214"},"modified":"2018-01-12T13:23:43","modified_gmt":"2018-01-12T12:23:43","slug":"citta-metropolitana-con-il-previsionale-2017-addio-al-rischio-default-calanna-ora-i-conti-sono-in-ordine","status":"publish","type":"post","link":"https:\/\/www.messinaoggi.it\/website\/2018\/01\/12\/citta-metropolitana-con-il-previsionale-2017-addio-al-rischio-default-calanna-ora-i-conti-sono-in-ordine\/","title":{"rendered":"Citt\u00e0 Metropolitana, con il previsionale 2017 addio al rischio default. Calanna: &quot;Ora i conti sono in ordine&quot;"},"content":{"rendered":"<p style=\"text-align: justify\">Un bilancio da 153 milioni di euro per rimettere in ordine i conti della Citt\u00e0 Metropolitana ed allontanare definitivamente il rischio del dissesto finanziario. Effettivamente lo spettro del default vaga per i corridoi di Palazzo dei Leoni da fine 2016, ma adesso con il bilancio previsionale 2017 tutto sembra tornare al proprio posto, si pu\u00f2 pensare a programmare stabilendo le priorit\u00e0, che rimangono strade e scuole.<div id=\"div-gpt-ad-Messinaoggi.it-DSK-300x250-corpoart\" style=\"text-align:center;margin:0 auto;\"><\/div><\/p>\n<p style=\"text-align: justify\">Il commissario straordinario, Francesco Calanna, non nasconde la propria soddisfazione per quanto raggiunto, soprattutto se si pensa al recente passato quando il dissesto dell\u2019ente sembrava ormai cosa fatta: <em>&#8220;Dopo oltre un anno in cui si \u00e8 parlato di dissesto dell&#8217;ente, possiamo dire che in assoluta certezza che i conti sono in ordine. Per molto tempo siamo finiti in un cantuccio, siamo stati indicati come i cattivi che non potevano pagare i creditori. Cos\u00ec non \u00e8. Abbiamo usufruito di una legislazione speciale che ci ha consentito di utilizzare 10 milioni di avanzo del 2016. Per il 2017 i conti sono in perfetto equilibrio, questo pericolo \u00e8 definitivamente alle spalle\u201d.<\/em><div id=\"videoincontent\" style=\"clear:both\";><\/div><\/p>\n<p style=\"text-align: justify\">Per Calanna l\u2019ente pu\u00f2 guardare ad un futuro pi\u00f9 roseo e sereno: \u201c<em>Abbiamo necessit\u00e0 di mettere mano ad un Consuntivo che sar\u00e0 altrettanto positivo, guardiamo con fiducia al nostro ruolo, che \u00e8 quello di punto di riferimento per tutti i 108 Comuni del nostro territorio\u201d.<\/em><\/p>\n<p style=\"text-align: justify\">Importante anche l\u2019apporto dato dal Masterplan: \u201c<em>Avere a disposizione le somme del Masterplan per la manutenzione delle scuole e delle strade ci consente di poter risparmiare, parliamo di due settori che per noi rappresentano una priorit\u00e0 assoluta, i servizi principali che questo ente deve garantire. Per questo nei prossimi giorni una seduta della commissione di controllo del Masterplan con il Ministro de Vincenti si svolger\u00e0 qui nella nostra sede\u201d. \u00a0<\/em><\/p>\n","protected":false},"excerpt":{"rendered":"<p>Un bilancio da 153 milioni di euro per rimettere in ordine i conti della Citt\u00e0 Metropolitana ed allontanare definitivamente il rischio del dissesto finanziario. Effettivamente lo spettro del default vaga per i corridoi di Palazzo dei Leoni da fine 2016, ma adesso con il bilancio previsionale 2017 tutto sembra tornare al proprio posto, si pu\u00f2 [&hellip;]<\/p>\n","protected":false},"author":1,"featured_media":10182,"comment_status":"closed","ping_status":"open","sticky":false,"template":"","format":"standard","meta":{"ub_ctt_via":"","_mi_skip_tracking":false},"categories":[6],"tags":[],"featured_image_src":"https:\/\/www.messinaoggi.it\/website\/wp-content\/uploads\/2017\/10\/calanna-provincia-RRP_1590.jpg","author_info":{"display_name":"admin@admin.com","author_link":"https:\/\/www.messinaoggi.it\/website\/author\/adminadmin-com\/"},"digistream_id":0,"digistream":false,"_links":{"self":[{"href":"https:\/\/www.messinaoggi.it\/website\/wp-json\/wp\/v2\/posts\/14214"}],"collection":[{"href":"https:\/\/www.messinaoggi.it\/website\/wp-json\/wp\/v2\/posts"}],"about":[{"href":"https:\/\/www.messinaoggi.it\/website\/wp-json\/wp\/v2\/types\/post"}],"author":[{"embeddable":true,"href":"https:\/\/www.messinaoggi.it\/website\/wp-json\/wp\/v2\/users\/1"}],"replies":[{"embeddable":true,"href":"https:\/\/www.messinaoggi.it\/website\/wp-json\/wp\/v2\/comments?post=14214"}],"version-history":[{"count":0,"href":"https:\/\/www.messinaoggi.it\/website\/wp-json\/wp\/v2\/posts\/14214\/revisions"}],"wp:featuredmedia":[{"embeddable":true,"href":"https:\/\/www.messinaoggi.it\/website\/wp-json\/wp\/v2\/media\/10182"}],"wp:attachment":[{"href":"https:\/\/www.messinaoggi.it\/website\/wp-json\/wp\/v2\/media?parent=14214"}],"wp:term":[{"taxonomy":"category","embeddable":true,"href":"https:\/\/www.messinaoggi.it\/website\/wp-json\/wp\/v2\/categories?post=14214"},{"taxonomy":"post_tag","embeddable":true,"href":"https:\/\/www.messinaoggi.it\/website\/wp-json\/wp\/v2\/tags?post=14214"}],"curies":[{"name":"wp","href":"https:\/\/api.w.org\/{rel}","templated":true}]}}