{"id":142079,"date":"2023-02-15T13:51:31","date_gmt":"2023-02-15T12:51:31","guid":{"rendered":"http:\/\/www.messinaoggi.it\/website\/?p=142079"},"modified":"2023-02-15T13:51:31","modified_gmt":"2023-02-15T12:51:31","slug":"nasce-federazione-movimenti-meridionalisti-con-de-luca","status":"publish","type":"post","link":"https:\/\/www.messinaoggi.it\/website\/2023\/02\/15\/nasce-federazione-movimenti-meridionalisti-con-de-luca\/","title":{"rendered":"Nasce Federazione Movimenti Meridionalisti con De Luca"},"content":{"rendered":"\n<p>Nasce la <strong>Federazione dei Movimenti Meridionalisti, <\/strong>composta da nove soggetti politici. <strong>Identit\u00e0 Calabrese, Identit\u00e0 Cooperativa Sicilia, Identit\u00e0 Siciliana, Io sud, Movimento contro la guerra, Movimento per il nuovo Sud, Noi meridionali, Nous per Reggio e Sicilia nuova<\/strong> intraprendono un percorso comune per rispondere, con iniziative concrete, al bisogno di sviluppo del Mezzogiorno d\u2019Italia: in quest\u2019ottica aderiscono convintamente al progetto di federazione politica sollecitato da <strong>Cateno De Luca,<\/strong> promotore della lista \u201cSud chiama Nord\u201d.<div id=\"div-gpt-ad-Messinaoggi.it-DSK-300x250-corpoart\" style=\"text-align:center;margin:0 auto;\"><\/div><\/p>\n\n\n\n<p>La data di nascita della Federazione non \u00e8 casuale, \u00e8 stata scelta in memoria del giorno in cui, nel 1861, finiva il Regno delle Due Sicilie e iniziava la Questione meridionale.<div id=\"videoincontent\" style=\"clear:both\";><\/div><\/p>\n\n\n\n<p>Da questa data i nove movimenti intendono cominciare il percorso politico, certi che insieme saranno in grado di esprimere una forza elettorale capace di imporre il rispetto della dignit\u00e0 e dei sacrosanti diritti dei cittadini meridionali per realizzare, dopo 162 anni, una vera Unit\u00e0 Nazionale.<\/p>\n\n\n\n<p>L&#8217;attuale situazione economica e sociale del Sud \u00e8 di forte stagnazione per non dire depressiva. Nel corso degli ultimi 20 anni \u00e8 lievitato il tasso di disoccupazione, peggiorati l&#8217;assistenza sanitaria e i servizi sociali, fallita la formazione professionale, soprattutto aumentata la disaffezione verso l&#8217;agricoltura, l&#8217;artigianato e i mestieri tradizionali, l&#8217;altissimo tasso di emigrazione che obbliga ogni anno oltre 150.000 giovani ad abbandonare famiglie, persone e luoghi cari per cercare lavoro altrove.<\/p>\n\n\n\n<p>Paradossalmente \u00e8 cresciuto il divario tra Nord e Sud. Ma non solo. Siamo alla vigilia dell&#8217;approvazione della Autonomia Differenziata, fortemente voluta dalle Regioni del Nord, che se dovesse essere attuata cos\u00ec come proposta non offrirebbe nessuna garanzia reale di riequilibrare servizi e diritti tra i cittadini delle varie macro aree del Paese.<\/p>\n\n\n\n<p>Si realizzerebbe, insomma, la secessione mascherata voluta dai Governatori del Nord e di fatto introdotta nel 2001 da quella sciagurata modifica costituzionale del titolo V voluta dal Governo di centrosinistra.<\/p>\n\n\n\n<p>Per queste ragioni le associazioni costituenti la Federazione dei Movimenti Meridionalisti, deluse dall&#8217;annosa mancanza di responsabilit\u00e0 e di risposte da parte dei decisori pubblici sui temi del Mezzogiorno, hanno deciso di abbandonare ogni tentativo di mediazione politica e di avviare autonomamente, nel rispetto dei rispettivi statuti, percorsi comuni in ambito culturale, sociale, politico, economico.<\/p>\n","protected":false},"excerpt":{"rendered":"<p>Nasce la Federazione dei Movimenti Meridionalisti, composta da nove soggetti politici. Identit\u00e0 Calabrese, Identit\u00e0 Cooperativa Sicilia, Identit\u00e0 Siciliana, Io sud, Movimento contro la guerra, Movimento per il nuovo Sud, Noi meridionali, Nous per Reggio e Sicilia nuova intraprendono un percorso comune per rispondere, con iniziative concrete, al bisogno di sviluppo del Mezzogiorno d\u2019Italia: in quest\u2019ottica [&hellip;]<\/p>\n","protected":false},"author":15,"featured_media":123324,"comment_status":"open","ping_status":"open","sticky":false,"template":"","format":"standard","meta":{"ub_ctt_via":"","_mi_skip_tracking":false},"categories":[4],"tags":[126,6701,5307],"featured_image_src":"https:\/\/www.messinaoggi.it\/website\/wp-content\/uploads\/2022\/09\/9_2022_09_26_20220926_142420_103C38E7.jpg","author_info":{"display_name":"red.me","author_link":"https:\/\/www.messinaoggi.it\/website\/author\/red-me\/"},"digistream_id":0,"digistream":false,"_links":{"self":[{"href":"https:\/\/www.messinaoggi.it\/website\/wp-json\/wp\/v2\/posts\/142079"}],"collection":[{"href":"https:\/\/www.messinaoggi.it\/website\/wp-json\/wp\/v2\/posts"}],"about":[{"href":"https:\/\/www.messinaoggi.it\/website\/wp-json\/wp\/v2\/types\/post"}],"author":[{"embeddable":true,"href":"https:\/\/www.messinaoggi.it\/website\/wp-json\/wp\/v2\/users\/15"}],"replies":[{"embeddable":true,"href":"https:\/\/www.messinaoggi.it\/website\/wp-json\/wp\/v2\/comments?post=142079"}],"version-history":[{"count":1,"href":"https:\/\/www.messinaoggi.it\/website\/wp-json\/wp\/v2\/posts\/142079\/revisions"}],"predecessor-version":[{"id":142080,"href":"https:\/\/www.messinaoggi.it\/website\/wp-json\/wp\/v2\/posts\/142079\/revisions\/142080"}],"wp:featuredmedia":[{"embeddable":true,"href":"https:\/\/www.messinaoggi.it\/website\/wp-json\/wp\/v2\/media\/123324"}],"wp:attachment":[{"href":"https:\/\/www.messinaoggi.it\/website\/wp-json\/wp\/v2\/media?parent=142079"}],"wp:term":[{"taxonomy":"category","embeddable":true,"href":"https:\/\/www.messinaoggi.it\/website\/wp-json\/wp\/v2\/categories?post=142079"},{"taxonomy":"post_tag","embeddable":true,"href":"https:\/\/www.messinaoggi.it\/website\/wp-json\/wp\/v2\/tags?post=142079"}],"curies":[{"name":"wp","href":"https:\/\/api.w.org\/{rel}","templated":true}]}}