{"id":14206,"date":"2018-01-12T15:20:32","date_gmt":"2018-01-12T14:20:32","guid":{"rendered":"http:\/\/www.messinaoggi.it\/website\/?p=14206"},"modified":"2018-01-12T15:20:32","modified_gmt":"2018-01-12T14:20:32","slug":"servizio-assistenza-disabili-gioveni-a-marzo-scadra-quale-futuro-per-lutenza-e-i-lavoratori","status":"publish","type":"post","link":"https:\/\/www.messinaoggi.it\/website\/2018\/01\/12\/servizio-assistenza-disabili-gioveni-a-marzo-scadra-quale-futuro-per-lutenza-e-i-lavoratori\/","title":{"rendered":"Servizio assistenza disabili, Gioveni: &#039;A marzo scadr\u00e0. Quale futuro per l&#039;utenza e i lavoratori?&#039;"},"content":{"rendered":"<p align=\"JUSTIFY\"><span style=\"font-size: medium\"><span style=\"font-family: Arial, sans-serif\">Meno di tre <\/span><\/span><span style=\"font-size: medium\"><span style=\"font-family: Arial, sans-serif\">mesi <\/span><\/span><span style=\"font-size: medium\"><span style=\"font-family: Arial, sans-serif\">e il servizio scadr\u00e0, con il rischio di lasciare numerosi disabili privi di assistenza domiciliare. L&#8217;amministrazione ha intenzione di dare continuit\u00e0 a tale servizio attraverso la predisposizione di un nuovo bando di gara? Se lo chiede il consigliere comunale Libero Gioveni che, preoccupato per il tempo sempre pi\u00f9 ristretto di cui dispone l&#8217;amministrazione per portare avanti l&#8217;iter relativo per l&#8217;affidamento del servizio, ha deciso di indirizzare un&#8217;interrogazione alla giunta.<\/span><\/span><div id=\"div-gpt-ad-Messinaoggi.it-DSK-300x250-corpoart\" style=\"text-align:center;margin:0 auto;\"><\/div><\/p>\n<p align=\"JUSTIFY\">\u201c<span style=\"font-family: Arial, sans-serif\"><span style=\"font-size: medium\">Mi preme ricordare \u2013 si legge nell&#8217;interrogazione \u2013 che il personale del Consorzio gestore, nonostante nel corso dell\u2019ultimo anno abbia dovuto &#8216;elemosinare&#8217; gli stipendi (con ritardi fino a 5 mesi!) anche per dei disguidi tecnici registratisi fra i Dipartimenti servizi sociali e Ragioneria, <\/span><\/span><span style=\"font-family: Arial, sans-serif\"><span style=\"font-size: medium\">ha sempre svolto con grande senso di responsabilit\u00e0 un servizio ad ampio raggio nei confronti di questa fragile categoria sociale (dalla semplice assistenza alla ben pi\u00f9 impegnativa igiene personale); adesso, per\u00f2, ritengo sia giunto il momento di conoscere, a 2 mesi e mezzo dalla scadenza dell\u2019affidamento e nell\u2019interesse dell\u2019utenza e degli stessi lavoratori, come l&#8217;Amministrazione stia programmando la continuit\u00e0 del prezioso servizio, al fine di non pregiudicare lo stesso o di dover far fronte a spiacevoli ed improvvisi inconvenienti di natura occupazionale.<\/span><\/span><div id=\"videoincontent\" style=\"clear:both\";><\/div><\/p>\n<p align=\"JUSTIFY\">\u201c<span style=\"font-family: Arial, sans-serif\"><span style=\"font-size: medium\">Pertanto, alla luce di tutto quanto sopra esposto, il sottoscritto consigliere comunale interroga il signor sindaco e i signori assessori in indirizzo al fine di conoscere:\u00a0<\/span><\/span><span style=\"font-family: Arial, sans-serif\"><span style=\"font-size: medium\">se abbiano gi\u00e0 predisposto il nuovo bando di gara per l\u2019affidamento e la continuit\u00e0 del prezioso servizio di assistenza domiciliare ai disabili da finanziare con i fondi della Legge 328\/2000;<br \/>\n<\/span><\/span><span style=\"font-family: Arial, sans-serif\"><span style=\"font-size: medium\">se cos\u00ec come abitualmente viene previsto e attuato nei diversi bandi finanziati con Bilanci comunali, anche nel futuro bando di gara per il servizio in questione da finanziare con i fondi della Legge 328\/2000, verr\u00e0 inserita la relativa &#8216;clausola di salvaguardia&#8217; a garanzia dei livelli occupazionali dell\u2019attuale personale operante;<br \/>\n<\/span><\/span><span style=\"font-family: Arial, sans-serif\"><span style=\"font-size: medium\">se e per quanto tempo, nelle more della predisposizione e definizione del nuovo bando di gara, verr\u00e0 concessa la proroga del servizio all\u2019attuale ente gestore del servizio\u201d. <\/span><\/span><\/p>\n","protected":false},"excerpt":{"rendered":"<p>Meno di tre mesi e il servizio scadr\u00e0, con il rischio di lasciare numerosi disabili privi di assistenza domiciliare. L&#8217;amministrazione ha intenzione di dare continuit\u00e0 a tale servizio attraverso la predisposizione di un nuovo bando di gara? Se lo chiede il consigliere comunale Libero Gioveni che, preoccupato per il tempo sempre pi\u00f9 ristretto di cui [&hellip;]<\/p>\n","protected":false},"author":8,"featured_media":14209,"comment_status":"closed","ping_status":"open","sticky":false,"template":"","format":"standard","meta":{"ub_ctt_via":"","_mi_skip_tracking":false},"categories":[4],"tags":[],"featured_image_src":"https:\/\/www.messinaoggi.it\/website\/wp-content\/uploads\/2018\/01\/assistenza-domiciliare-disabili-1.jpg","author_info":{"display_name":"red..me","author_link":"https:\/\/www.messinaoggi.it\/website\/author\/redstage\/"},"digistream_id":0,"digistream":false,"_links":{"self":[{"href":"https:\/\/www.messinaoggi.it\/website\/wp-json\/wp\/v2\/posts\/14206"}],"collection":[{"href":"https:\/\/www.messinaoggi.it\/website\/wp-json\/wp\/v2\/posts"}],"about":[{"href":"https:\/\/www.messinaoggi.it\/website\/wp-json\/wp\/v2\/types\/post"}],"author":[{"embeddable":true,"href":"https:\/\/www.messinaoggi.it\/website\/wp-json\/wp\/v2\/users\/8"}],"replies":[{"embeddable":true,"href":"https:\/\/www.messinaoggi.it\/website\/wp-json\/wp\/v2\/comments?post=14206"}],"version-history":[{"count":0,"href":"https:\/\/www.messinaoggi.it\/website\/wp-json\/wp\/v2\/posts\/14206\/revisions"}],"wp:featuredmedia":[{"embeddable":true,"href":"https:\/\/www.messinaoggi.it\/website\/wp-json\/wp\/v2\/media\/14209"}],"wp:attachment":[{"href":"https:\/\/www.messinaoggi.it\/website\/wp-json\/wp\/v2\/media?parent=14206"}],"wp:term":[{"taxonomy":"category","embeddable":true,"href":"https:\/\/www.messinaoggi.it\/website\/wp-json\/wp\/v2\/categories?post=14206"},{"taxonomy":"post_tag","embeddable":true,"href":"https:\/\/www.messinaoggi.it\/website\/wp-json\/wp\/v2\/tags?post=14206"}],"curies":[{"name":"wp","href":"https:\/\/api.w.org\/{rel}","templated":true}]}}