{"id":142047,"date":"2023-02-15T11:47:54","date_gmt":"2023-02-15T10:47:54","guid":{"rendered":"https:\/\/www.messinaoggi.it\/website\/2023\/02\/15\/ospedale-giglio-di-cefalu-apre-ambulatorio-per-le-malattie-del-fegato\/"},"modified":"2023-02-15T11:47:54","modified_gmt":"2023-02-15T10:47:54","slug":"ospedale-giglio-di-cefalu-apre-ambulatorio-per-le-malattie-del-fegato","status":"publish","type":"post","link":"https:\/\/www.messinaoggi.it\/website\/2023\/02\/15\/ospedale-giglio-di-cefalu-apre-ambulatorio-per-le-malattie-del-fegato\/","title":{"rendered":"Ospedale Giglio di Cefal\u00f9, apre ambulatorio per le malattie del fegato"},"content":{"rendered":"<div>\n<p>CEFALU\u2019 (PALERMO) (ITALPRESS) \u2013 \u201cSviluppare un polo di riferimento specialistico per le malattie del fegato e dell\u2019apparato digerente\u201d, \u00e8 l\u2019obiettivo che si \u00e8 posta la Fondazione Istituto Giglio di Cefal\u00f9 con l\u2019apertura di un ambulatorio di epatologia e gastroenterologia diretto da Riccardo Volpes.<br \/>Volpes, classe \u201959, palermitano, \u00e8 un epatologo di lunga esperienza maturata sia in Italia che all\u2019estero. Arriva, come ultimo impegno di lavoro, dall\u2019Ismett di Palermo dove \u00e8 stato, dal 2016, il responsabile dell\u2019unit\u00e0 operativa di epatologia e gastroenterologia afferente al dipartimento dei trapianti addominali e precedentemente, per dieci anni, dirigente medico dell\u2019unit\u00e0 di gastroenterologia delle Molinette di Torino e per cinque dell\u2019Universit\u00e0 Cattolica di Leuven in Belgio.<br \/>\u201cAcquisiamo una professionalit\u00e0 di altissima levatura e competenza \u2013 ha detto il presidente del Giglio, Giovanni Albano \u2013 che si inserisce nel nostro percorso di potenziamento della diagnosi e cura delle patologie addominali che vede gi\u00e0 a Cefal\u00f9, da qualche settimana, la presenza del chirurgo Massimo Viola esperto in tecniche laparoscopiche avanzante e robotiche\u201d.<br \/>Il nuovo ambulatorio si occuper\u00e0 delle malattie acute e croniche del fegato, delle epatiti virali, della cirrosi epatica, delle complicanze cliniche della cirrosi epatica, dei tumori primitivi del fegato e delle vie biliari, delle malattie del pancreas e delle malattie intestinali e del colon-retto.<br \/>\u201cHo registrato un grande entusiasmo \u2013 ha sottolineato Volpes \u2013 intorno a questo progetto. La scienza ha fatto importanti progressi nella cura delle malattie del fegato soprattutto nella farmacologia legata alle epatiti. Prenderemo, a Cefal\u00f9, in cura i pazienti sia sotto l\u2019aspetto clinico che terapeutico collaborando con l\u2019unit\u00e0 di chirurgia robotica addominale del fegato, pancreas e colon retto\u201d. <br \/>L\u2019ambulatorio di epatologia e gastroenterologia \u00e8 stato programmato con due sedute settimanali il marted\u00ec e il gioved\u00ec dalle ore 8 alle ore 13 e l\u2019accesso \u00e8 possibile sia con richiesta di visita gastroenterologia del medico curante che in regime di solvenza.<br \/>foto ufficio stampa Fondazione Istituto Giglio di Cefal\u00f9, da sinistra Giovanni Albano e Riccardo Volpes. <br \/>(ITALPRESS).<div id=\"div-gpt-ad-Messinaoggi.it-DSK-300x250-corpoart\" style=\"text-align:center;margin:0 auto;\"><\/div><\/p>\n<\/div>\n<div id=\"videoincontent\" style=\"clear:both\";><\/div>","protected":false},"excerpt":{"rendered":"<p>CEFALU\u2019 (PALERMO) (ITALPRESS) \u2013 \u201cSviluppare un polo di riferimento specialistico per le malattie del fegato e dell\u2019apparato digerente\u201d, \u00e8 l\u2019obiettivo che si \u00e8 posta la Fondazione Istituto Giglio di Cefal\u00f9 con l\u2019apertura di un ambulatorio di epatologia e gastroenterologia diretto da Riccardo Volpes.Volpes, classe \u201959, palermitano, \u00e8 un epatologo di lunga esperienza maturata sia in [&hellip;]<\/p>\n","protected":false},"author":18,"featured_media":142048,"comment_status":"closed","ping_status":"closed","sticky":false,"template":"","format":"standard","meta":{"ub_ctt_via":"","_mi_skip_tracking":false},"categories":[2449],"tags":[783],"featured_image_src":"https:\/\/www.messinaoggi.it\/website\/wp-content\/uploads\/2023\/02\/20230215_0377.jpg","author_info":{"display_name":"Admin","author_link":"https:\/\/www.messinaoggi.it\/website\/author\/admin\/"},"digistream_id":0,"digistream":false,"_links":{"self":[{"href":"https:\/\/www.messinaoggi.it\/website\/wp-json\/wp\/v2\/posts\/142047"}],"collection":[{"href":"https:\/\/www.messinaoggi.it\/website\/wp-json\/wp\/v2\/posts"}],"about":[{"href":"https:\/\/www.messinaoggi.it\/website\/wp-json\/wp\/v2\/types\/post"}],"author":[{"embeddable":true,"href":"https:\/\/www.messinaoggi.it\/website\/wp-json\/wp\/v2\/users\/18"}],"replies":[{"embeddable":true,"href":"https:\/\/www.messinaoggi.it\/website\/wp-json\/wp\/v2\/comments?post=142047"}],"version-history":[{"count":0,"href":"https:\/\/www.messinaoggi.it\/website\/wp-json\/wp\/v2\/posts\/142047\/revisions"}],"wp:featuredmedia":[{"embeddable":true,"href":"https:\/\/www.messinaoggi.it\/website\/wp-json\/wp\/v2\/media\/142048"}],"wp:attachment":[{"href":"https:\/\/www.messinaoggi.it\/website\/wp-json\/wp\/v2\/media?parent=142047"}],"wp:term":[{"taxonomy":"category","embeddable":true,"href":"https:\/\/www.messinaoggi.it\/website\/wp-json\/wp\/v2\/categories?post=142047"},{"taxonomy":"post_tag","embeddable":true,"href":"https:\/\/www.messinaoggi.it\/website\/wp-json\/wp\/v2\/tags?post=142047"}],"curies":[{"name":"wp","href":"https:\/\/api.w.org\/{rel}","templated":true}]}}