{"id":141980,"date":"2023-02-14T22:01:47","date_gmt":"2023-02-14T21:01:47","guid":{"rendered":"http:\/\/www.messinaoggi.it\/website\/?p=141980"},"modified":"2023-02-14T22:03:02","modified_gmt":"2023-02-14T21:03:02","slug":"cateno-de-luca-abbiamo-portato-da-palermo-110-milioni","status":"publish","type":"post","link":"https:\/\/www.messinaoggi.it\/website\/2023\/02\/14\/cateno-de-luca-abbiamo-portato-da-palermo-110-milioni\/","title":{"rendered":"Cateno De Luca: &#8220;Abbiamo portato da Palermo 110 milioni&#8221;"},"content":{"rendered":"\n<p><strong>Cateno De Luca<\/strong> e i suoi deputati all&#8217;Assemblea regionale siciliana <strong>Alessandro De Leo, Giuseppe Lombardo, Matteo Sciotto<\/strong> hanno esposto stamane i risultati ottenuti da <strong>Sicilia Vera <\/strong>e<strong> Sud chiama Nord<\/strong> in una conferenza stampa di stamattina a Palazzo Zanca, assieme al coordinatore dei due movimenti <strong>Danilo Lo Giudice. <\/strong><div id=\"div-gpt-ad-Messinaoggi.it-DSK-300x250-corpoart\" style=\"text-align:center;margin:0 auto;\"><\/div><\/p>\n\n\n\n<p>\u201cMessina protagonista &#8211; ha affermato il leader di Sud chiama Nord <strong>Cateno De Luca, <\/strong>continua ad essere il leitmotiv della nostra azione politica anche all\u2019interno del Parlamento Siciliano. Abbiamo lavorato intensamente fornendo a questa legge di stabilit\u00e0 un\u2019identit\u00e0 ben precisa grazie al contributo di ben 24 punti programmatici che hanno consentito di inserire misure fondamentali, elementi strategici per la Sicilia facendo fare marcia indietro al presidente Schifani anche sul tentativo maldestro di forzare le regole parlamentari. Oggi parliamo di Messina perch\u00e9 da qui \u00e8 partito il nostro impegno.<div id=\"videoincontent\" style=\"clear:both\";><\/div><\/p>\n\n\n\n<p>L&#8217;articolo pi\u00f9 importante di questa legge di stabilit\u00e0 \u00e8 l\u2019art. 99  legge 8\/ 2018 che io stesso ho introdotto durante quella legislatura e che vale 450 milioni euro di cui 110 milioni sono destinati a Messina\u201d.<\/p>\n\n\n\n<p>Dopo una breve introduzione del Sindaco di Messina <strong>Federico Basile<\/strong>, sono stati vantati diversi interventi sulla finanziaria del Governo Schifani. <\/p>\n\n\n\n<p>Il leader di Sud chiama Nord ha elencato alcuni degli interventi specifici. &#8220;Recuperati 10 milioni per la riqualificazione urbana dei Comuni, 20 milioni di euro per l\u2019 attivit\u00e0 di ricerca idrica e realizzazione di opere di approvvigionamento;  25 milioni di euro per la bonifica e la valorizzazione dell&#8217;area ex Sanderson e ci\u00f2 consentir\u00e0 anche di poter procedere alla cessione al comune di Messina da parte dell\u2019Esa dell\u2019area in questione;  40 milioni di euro da destinare al risanamento;  altri 40 milioni per lo sbaraccamento; per il progetto \u201cDopo di noi\u201d previsto lo stanziamento di 50 milioni di euro per la Sicilia di cui 5 milioni andranno alle citt\u00e0 Metropolitane; previsto lo stanziamento di 10 milioni di euro per l&#8217;abbattimento delle barriere architettoniche e 20 milioni di euro per la realizzazione di rifugi sanitari con priorit\u00e0 le citt\u00e0 metropolitane. Da citare anche lo stanziamento di 10 milioni di euro per la redazione del piano di utilizzo del demanio marittimo e per la redazione dei piani regolatori. 20 milioni per migliorare impianti sportivi e crearne di nuovi&#8221;.<\/p>\n\n\n\n<figure class=\"wp-block-image size-large\"><img loading=\"lazy\" width=\"1024\" height=\"576\" src=\"http:\/\/www.messinaoggi.it\/website\/wp-content\/uploads\/2023\/02\/conferenza-messina-110-milioni-Cateno-1024x576.jpeg\" alt=\"\" class=\"wp-image-141993\" srcset=\"https:\/\/www.messinaoggi.it\/website\/wp-content\/uploads\/2023\/02\/conferenza-messina-110-milioni-Cateno-1024x576.jpeg 1024w, https:\/\/www.messinaoggi.it\/website\/wp-content\/uploads\/2023\/02\/conferenza-messina-110-milioni-Cateno-300x169.jpeg 300w, https:\/\/www.messinaoggi.it\/website\/wp-content\/uploads\/2023\/02\/conferenza-messina-110-milioni-Cateno-768x432.jpeg 768w, https:\/\/www.messinaoggi.it\/website\/wp-content\/uploads\/2023\/02\/conferenza-messina-110-milioni-Cateno-1536x864.jpeg 1536w, https:\/\/www.messinaoggi.it\/website\/wp-content\/uploads\/2023\/02\/conferenza-messina-110-milioni-Cateno.jpeg 1600w\" sizes=\"(max-width: 1024px) 100vw, 1024px\" \/><\/figure>\n\n\n\n<p>\u201cQuesti &#8211; ha affermato De Luca &#8211; sono semplici esempi che abbiamo voluto evidenziare partendo dalla consapevolezza che il lavoro svolto da Sud chiama Nord e Sicilia Vera ha consentito di contribuire alla redazione di una legge di stabilit\u00e0 con una visione strategica rispetto alle esigenze del territorio. Voglio ovviamente ringraziare l\u2019assessore all\u2019economia Marco Falcone. \u00c8 vero che non sono mancati momenti di duro confronto, ma alla fine ha prevalso il buon senso. Il lavoro svolto da noi in Parlamento \u00e8 stato definito di buon senso anche dalla maggioranza che non ha potuto fare altro che riconoscerci il merito di aver offerto un contributo concreto e di valore.\u201d<\/p>\n\n\n\n<p>\u201cIl risultato raggiunto dalla deputazione messinese guidata da cateno De Luca, ha affermato Basile, consente oggi di poter contare su risorse che andranno a migliorare i settori strategici della nostra citt\u00e0. Poter contare sul sostegno di una squadra che porta le battaglie della citt\u00e0 all\u2019interno del Parlamento siciliano \u00e8 un elemento del quale tutti dobbiamo essere orgogliosi perch\u00e9 ci consente di poter contare su un sostegno concreto che restituisce alla citt\u00e0 ci\u00f2 che le spetta per colmare il gap sperequativo che in questi anni ha visto spostata l\u2019attenzione verso altre citt\u00e0 metropolitane dell\u2019isola.\u201d<\/p>\n\n\n\n<p>I deputati Alessandro De Leo, Giuseppe Lombardo e Matteo Sciotto hanno evidenziato nei loro interventi l\u2019importanza del lavoro svolto di squadra a beneficio del territorio.<\/p>\n\n\n\n<p>\u201cIn questi giorni di lavoro in assemblea, hanno affermato, ci siamo impegnati affinch\u00e9 venissero inserite quante pi\u00f9 norme possibili a sostegno delle misure pi\u00f9 importanti per la provincia di Messina. Dal maggiore contributo (5 milioni e mezzo) per il trasporto pubblico locale, alla richiesta di garanzie per la presenza delle farmacie rurali con 500mila euro stanziati, dai fondi per integrazione oraria di personale Asu e Forestali, alle risorse destinate per le aree ad elevato rischio di crisi ambientale della Valle del Mela, ai fondi per i comuni della provincia di Messina colpiti dall\u2019alluvione del 2009 e 2015. Possiamo dire oggi di essere davvero molto soddisfatti e pronti a difendere Messina l\u00ec dove la nostra azione politica pu\u00f2 incidere concretamente, cos\u00ec come abbiamo dimostrato.\u201d<\/p>\n\n\n\n<p>\u201cLa nostra attivit\u00e0 &#8211; ha affermato il coordinatore dei gruppi parlamentari <strong>Danilo Lo Giudice<\/strong> &#8211; ha seguito un percorso di crescita che oggi vede ben otto deputati in Parlamento a rappresentare la Sicilia. \u00c8 un percorso iniziato da Cateno De Luca, che solo per pi\u00f9 legislature ha portato avanti significative battaglie, poi \u00e8 toccato a me, da solo in Parlamento dare voce al territorio, ma oggi, ha affermato con orgoglio Lo Giudice, i siciliani possono contare su due gruppi parlamentari che intendono portare nelle aule dell\u2019assemblea regionale le priorit\u00e0 per dare risposte concrete.\u201d<\/p>\n","protected":false},"excerpt":{"rendered":"<p>Cateno De Luca e i suoi deputati all&#8217;Assemblea regionale siciliana Alessandro De Leo, Giuseppe Lombardo, Matteo Sciotto hanno esposto stamane i risultati ottenuti da Sicilia Vera e Sud chiama Nord in una conferenza stampa di stamattina a Palazzo Zanca, assieme al coordinatore dei due movimenti Danilo Lo Giudice. \u201cMessina protagonista &#8211; ha affermato il leader [&hellip;]<\/p>\n","protected":false},"author":15,"featured_media":141992,"comment_status":"open","ping_status":"open","sticky":false,"template":"","format":"standard","meta":{"ub_ctt_via":"","_mi_skip_tracking":false},"categories":[19],"tags":[6336,126,6683,1032,2972,4687,6684,3124,5307],"featured_image_src":"https:\/\/www.messinaoggi.it\/website\/wp-content\/uploads\/2023\/02\/conferenza-messina-110-milioni-Cateno-2.jpeg","author_info":{"display_name":"red.me","author_link":"https:\/\/www.messinaoggi.it\/website\/author\/red-me\/"},"digistream_id":0,"digistream":false,"_links":{"self":[{"href":"https:\/\/www.messinaoggi.it\/website\/wp-json\/wp\/v2\/posts\/141980"}],"collection":[{"href":"https:\/\/www.messinaoggi.it\/website\/wp-json\/wp\/v2\/posts"}],"about":[{"href":"https:\/\/www.messinaoggi.it\/website\/wp-json\/wp\/v2\/types\/post"}],"author":[{"embeddable":true,"href":"https:\/\/www.messinaoggi.it\/website\/wp-json\/wp\/v2\/users\/15"}],"replies":[{"embeddable":true,"href":"https:\/\/www.messinaoggi.it\/website\/wp-json\/wp\/v2\/comments?post=141980"}],"version-history":[{"count":3,"href":"https:\/\/www.messinaoggi.it\/website\/wp-json\/wp\/v2\/posts\/141980\/revisions"}],"predecessor-version":[{"id":141995,"href":"https:\/\/www.messinaoggi.it\/website\/wp-json\/wp\/v2\/posts\/141980\/revisions\/141995"}],"wp:featuredmedia":[{"embeddable":true,"href":"https:\/\/www.messinaoggi.it\/website\/wp-json\/wp\/v2\/media\/141992"}],"wp:attachment":[{"href":"https:\/\/www.messinaoggi.it\/website\/wp-json\/wp\/v2\/media?parent=141980"}],"wp:term":[{"taxonomy":"category","embeddable":true,"href":"https:\/\/www.messinaoggi.it\/website\/wp-json\/wp\/v2\/categories?post=141980"},{"taxonomy":"post_tag","embeddable":true,"href":"https:\/\/www.messinaoggi.it\/website\/wp-json\/wp\/v2\/tags?post=141980"}],"curies":[{"name":"wp","href":"https:\/\/api.w.org\/{rel}","templated":true}]}}