{"id":14197,"date":"2018-01-12T10:55:26","date_gmt":"2018-01-12T09:55:26","guid":{"rendered":"http:\/\/www.messinaoggi.it\/website\/?p=14197"},"modified":"2018-01-12T10:55:26","modified_gmt":"2018-01-12T09:55:26","slug":"si-allaccoglienza-no-allhotspot-la-chiesa-al-fianco-dei-migranti","status":"publish","type":"post","link":"https:\/\/www.messinaoggi.it\/website\/2018\/01\/12\/si-allaccoglienza-no-allhotspot-la-chiesa-al-fianco-dei-migranti\/","title":{"rendered":"&quot;S\u00ec all&#039;accoglienza, no all&#039;hotspot&quot;, la Chiesa al fianco dei migranti"},"content":{"rendered":"<p>Messina \u00e8 pronta a celebrare l&#8217;edizione 104 della giornata mondiale del migrante e del rifugiato. Domenica alle 18, nella parrocchia di \u201cS. Camillo\u201d, mons. Giovanni Accolla presieder\u00e0 la celebrazione eucaristica.<br \/>\n\u201cAccogliere, proteggere, promuovere e integrare i migranti e i rifugiati\u201d \u00e8 il tema consegnato da Papa Francesco nel suo messaggio alla Chiesa universale. Quattro verbi &#8220;fondati sui principi della dottrina della Chiesa, che formano una comune risposta&#8221; alle sfide poste dalle migrazioni contemporanee. \u201cPer ciascun verbo il Pontefice propone una serie di azioni e di iniziative da mettere in opera per concretizzare, con sollecitudine ed efficacia, accoglienza e integrazione per chi fugge dalle guerre, dalle persecuzioni, dai disastri naturali e dalla povert\u00e0.<br \/>\nTante buone pratiche \u2013 si legge nel comunicato &#8211; per affrontare in maniera chiara e pragmatica il fenomeno delle migrazioni. Perch\u00e9, se si vuole, le soluzioni si trovano. Dai visti umanitari o per motivi di studio ai programmi di sponsorship, dai canali umanitari ai ricongiungimenti familiari, dalla regolarizzazione di chi vive da tempo in un Paese di accoglienza senza documenti fino alla cittadinanza secondo lo ius soli. Un messaggio ricco di proposte concrete, perch\u00e9 tutte le Chiese si impegnino a promuovere queste buone prassi\u201d.<br \/>\n\u201cCome Chiesa locale \u2013 continua il documento inviato agli organi di informazione &#8211; raccogliamo l\u2019invito del Papa per un rinnovato impegno nei confronti delle persone coinvolte dalla mobilit\u00e0: perch\u00e9 il nostro territorio sia sempre pi\u00f9 un luogo di riconoscimento e protagonismo per i migranti; perch\u00e9, a partire dalla rinuncia all\u2019approccio hotspot, si rafforzi la pratica dell\u2019accoglienza diffusa e la chiusura dei Centri dai grandi numeri, dove risulta impossibile tutelare la dignit\u00e0 della persona e garantirne i diritti fondamentali\u201d.<br \/>\nLa celebrazione diocesana vorr\u00e0 essere un momento di preghiera, riflessione e sensibilizzazione sul fenomeno delle migrazioni, per un rinnovato impegno sul versante dell\u2019accoglienza e dell\u2019integrazione.<div id=\"div-gpt-ad-Messinaoggi.it-DSK-300x250-corpoart\" style=\"text-align:center;margin:0 auto;\"><\/div><\/p>\n<div id=\"videoincontent\" style=\"clear:both\";><\/div>","protected":false},"excerpt":{"rendered":"<p>Messina \u00e8 pronta a celebrare l&#8217;edizione 104 della giornata mondiale del migrante e del rifugiato. Domenica alle 18, nella parrocchia di \u201cS. Camillo\u201d, mons. Giovanni Accolla presieder\u00e0 la celebrazione eucaristica. \u201cAccogliere, proteggere, promuovere e integrare i migranti e i rifugiati\u201d \u00e8 il tema consegnato da Papa Francesco nel suo messaggio alla Chiesa universale. Quattro verbi [&hellip;]<\/p>\n","protected":false},"author":2,"featured_media":1560,"comment_status":"closed","ping_status":"open","sticky":false,"template":"","format":"standard","meta":{"ub_ctt_via":"","_mi_skip_tracking":false},"categories":[5],"tags":[],"featured_image_src":"https:\/\/www.messinaoggi.it\/website\/wp-content\/uploads\/2017\/06\/Migranti-sfondo-Madonnina-2.jpg","author_info":{"display_name":"Redazione","author_link":"https:\/\/www.messinaoggi.it\/website\/author\/redazione\/"},"digistream_id":0,"digistream":false,"_links":{"self":[{"href":"https:\/\/www.messinaoggi.it\/website\/wp-json\/wp\/v2\/posts\/14197"}],"collection":[{"href":"https:\/\/www.messinaoggi.it\/website\/wp-json\/wp\/v2\/posts"}],"about":[{"href":"https:\/\/www.messinaoggi.it\/website\/wp-json\/wp\/v2\/types\/post"}],"author":[{"embeddable":true,"href":"https:\/\/www.messinaoggi.it\/website\/wp-json\/wp\/v2\/users\/2"}],"replies":[{"embeddable":true,"href":"https:\/\/www.messinaoggi.it\/website\/wp-json\/wp\/v2\/comments?post=14197"}],"version-history":[{"count":0,"href":"https:\/\/www.messinaoggi.it\/website\/wp-json\/wp\/v2\/posts\/14197\/revisions"}],"wp:featuredmedia":[{"embeddable":true,"href":"https:\/\/www.messinaoggi.it\/website\/wp-json\/wp\/v2\/media\/1560"}],"wp:attachment":[{"href":"https:\/\/www.messinaoggi.it\/website\/wp-json\/wp\/v2\/media?parent=14197"}],"wp:term":[{"taxonomy":"category","embeddable":true,"href":"https:\/\/www.messinaoggi.it\/website\/wp-json\/wp\/v2\/categories?post=14197"},{"taxonomy":"post_tag","embeddable":true,"href":"https:\/\/www.messinaoggi.it\/website\/wp-json\/wp\/v2\/tags?post=14197"}],"curies":[{"name":"wp","href":"https:\/\/api.w.org\/{rel}","templated":true}]}}