{"id":14172,"date":"2018-01-11T11:30:57","date_gmt":"2018-01-11T10:30:57","guid":{"rendered":"http:\/\/www.messinaoggi.it\/website\/?p=14172"},"modified":"2018-01-11T11:30:57","modified_gmt":"2018-01-11T10:30:57","slug":"apertura-asilo-nido-comunale-gioveni-e-carreri-lamministrazione-gia-paga-per-un-servizio-inesistente","status":"publish","type":"post","link":"https:\/\/www.messinaoggi.it\/website\/2018\/01\/11\/apertura-asilo-nido-comunale-gioveni-e-carreri-lamministrazione-gia-paga-per-un-servizio-inesistente\/","title":{"rendered":"Apertura asilo nido comunale, Gioveni e Carreri: &#039;L&#039;amministrazione gi\u00e0 paga per un servizio inesistente?&#039;"},"content":{"rendered":"<p style=\"text-align: justify\">Il micro nido di Palazzo Zanca \u00e8 ormai prossimo all&#8217;apertura. Parola dell&#8217;assessore alle Politiche sociali Nina Santisi, la quale ha annunciato ieri in occasione dei lavori della VI Commissione consiliare che aprir\u00e0 i battenti nel mese di febbraio, andandosi cos\u00ec ad affiancare alle altre tre strutture attualmente operanti. Nonostante ci\u00f2, da quanto si apprende in un&#8217;interrogazione a firma dei consiglieri comunali Libero Gioveni e Nino Carreri, sembrerebbe che l&#8217;amministrazione gi\u00e0 paghi da un anno a questa parte per l&#8217;asilo nido comunale. Detto in altre parole, l&#8217;amministrazione pagherebbe per un servizio ancora inesistente.<div id=\"div-gpt-ad-Messinaoggi.it-DSK-300x250-corpoart\" style=\"text-align:center;margin:0 auto;\"><\/div><\/p>\n<p style=\"text-align: justify\">In particolare, i timori dei due consiglieri comunali sorgono sulla base dell&#8217;analisi del parere rilasciato dal Collegio dei Revisori dei Conti sul Bilancio Consuntivo 2016, secondo il quale vi sarebbe un forte disallineamento, grave ed ingiustificato per Gioveni e Carreri, tra entrate e uscite del servizio di asili nido: \u201cNel parere rilasciato dal Collegio dei Revisori dei Conti sul Bilancio Consuntivo 2016 \u2013 si legge nell&#8217;interrogazione \u2013 emerge un dato parecchio allarmante circa il disallineamento fra entrate (soltanto 44.000 euro) e costi (ben 526.000 euro) del servizio, con un\u2019incidenza appena del 8,37%, suffragato anche dalla recentissima sentenza della Corte dei Conti in merito alla gestione dei servizi a domanda individuale\u201d. Insomma, il servizio di asili nido avrebbe arrecato al netto delle entrate un disavanzo di bilancio pari a quasi mezzo milione di euro, ma non si sa se parte di questo terribile risultato sia da imputare all&#8217;asilo nido di Palazzo Zanca, che ad oggi risulta essere inattivo.<div id=\"videoincontent\" style=\"clear:both\";><\/div><\/p>\n<p style=\"text-align: justify\">Per questo motivo, i due consiglieri hanno chiesto maggiori chiarimenti all\u2019amministrazione comunale, e in particolare hanno domandato se alla coop titolare del servizio di gestione del micro nido comunale siano state effettivamente liquidate parte di tali somme e se si ritiene pi\u00f9 opportuno internalizzare il servizio in questione nell\u2019ottica del contenimento della spesa pubblica: \u201cAlla luce di ci\u00f2, &#8211; si legge al termine dell\u2019interrogazione &#8211; i sottoscritti consiglieri comunali interrogano il signor Sindaco per sapere: se alla cooperativa titolare del servizio siano state mai liquidate somme per la gestione del micro nido di palazzo Zanca ad oggi mai attivato; a quanto ammonta per l\u2019anno 2017 (quello effettivamente interessato dal nuovo bando) la spesa complessiva delle gestione delle quattro strutture complessive di asili nido e quanto sia l\u2019incidenza fra entrate e uscite; se, alla luce dei rilievi fatti dalla Corte dei Conti e dal collegio dei Revisori dei conti, sulle evidenti perdite del servizio, l\u2019amministrazione abbia valutato ipotesi alternative, quale ad esempio l\u2019internalizzazione del servizio, al fine di mettere fine a tale sanguinosa &#8216;emorragia&#8217;\u201d.<\/p>\n","protected":false},"excerpt":{"rendered":"<p>Il micro nido di Palazzo Zanca \u00e8 ormai prossimo all&#8217;apertura. Parola dell&#8217;assessore alle Politiche sociali Nina Santisi, la quale ha annunciato ieri in occasione dei lavori della VI Commissione consiliare che aprir\u00e0 i battenti nel mese di febbraio, andandosi cos\u00ec ad affiancare alle altre tre strutture attualmente operanti. Nonostante ci\u00f2, da quanto si apprende in [&hellip;]<\/p>\n","protected":false},"author":10,"featured_media":13242,"comment_status":"closed","ping_status":"open","sticky":false,"template":"","format":"standard","meta":{"ub_ctt_via":"","_mi_skip_tracking":false},"categories":[4],"tags":[],"featured_image_src":"https:\/\/www.messinaoggi.it\/website\/wp-content\/uploads\/2017\/12\/asili-nido-servizi.jpg","author_info":{"display_name":"Paolo Mustica","author_link":"https:\/\/www.messinaoggi.it\/website\/author\/p-mustica\/"},"digistream_id":0,"digistream":false,"_links":{"self":[{"href":"https:\/\/www.messinaoggi.it\/website\/wp-json\/wp\/v2\/posts\/14172"}],"collection":[{"href":"https:\/\/www.messinaoggi.it\/website\/wp-json\/wp\/v2\/posts"}],"about":[{"href":"https:\/\/www.messinaoggi.it\/website\/wp-json\/wp\/v2\/types\/post"}],"author":[{"embeddable":true,"href":"https:\/\/www.messinaoggi.it\/website\/wp-json\/wp\/v2\/users\/10"}],"replies":[{"embeddable":true,"href":"https:\/\/www.messinaoggi.it\/website\/wp-json\/wp\/v2\/comments?post=14172"}],"version-history":[{"count":0,"href":"https:\/\/www.messinaoggi.it\/website\/wp-json\/wp\/v2\/posts\/14172\/revisions"}],"wp:featuredmedia":[{"embeddable":true,"href":"https:\/\/www.messinaoggi.it\/website\/wp-json\/wp\/v2\/media\/13242"}],"wp:attachment":[{"href":"https:\/\/www.messinaoggi.it\/website\/wp-json\/wp\/v2\/media?parent=14172"}],"wp:term":[{"taxonomy":"category","embeddable":true,"href":"https:\/\/www.messinaoggi.it\/website\/wp-json\/wp\/v2\/categories?post=14172"},{"taxonomy":"post_tag","embeddable":true,"href":"https:\/\/www.messinaoggi.it\/website\/wp-json\/wp\/v2\/tags?post=14172"}],"curies":[{"name":"wp","href":"https:\/\/api.w.org\/{rel}","templated":true}]}}