{"id":141715,"date":"2023-02-13T15:07:52","date_gmt":"2023-02-13T14:07:52","guid":{"rendered":"https:\/\/www.messinaoggi.it\/website\/2023\/02\/13\/ucraina-crosetto-gli-atti-del-governo-parlano-chiaramente\/"},"modified":"2023-02-13T15:07:52","modified_gmt":"2023-02-13T14:07:52","slug":"ucraina-crosetto-gli-atti-del-governo-parlano-chiaramente","status":"publish","type":"post","link":"https:\/\/www.messinaoggi.it\/website\/2023\/02\/13\/ucraina-crosetto-gli-atti-del-governo-parlano-chiaramente\/","title":{"rendered":"Ucraina, Crosetto \u201cGli atti del Governo parlano chiaramente\u201d"},"content":{"rendered":"<div>ROMA (ITALPRESS) &#8211; &#8220;I governi parlano con gli atti. Gli atti di questo Governo, approvati dal Parlamento da tutte le forze politiche, pare siano abbastanza chiari. La posizione dell&#8217;Italia non pu\u00f2 essere messa in discussione e non \u00e8 messa in discussione dalla maggioranza n\u00e8 da gran parte dell&#8217;opposizione&#8221;. <br \/>Cos\u00ec il ministro della Difesa, Guido Crosetto, a margine dell&#8217;inaugurazione dell&#8217;anno accademico della scuola ufficiali dei Carabinieri. <br \/>(ITALPRESS).<br \/>-foto Italpress-<\/div>\n<div id=\"div-gpt-ad-Messinaoggi.it-DSK-300x250-corpoart\" style=\"text-align:center;margin:0 auto;\"><\/div><\/p><div id=\"videoincontent\" style=\"clear:both\";><\/div>","protected":false},"excerpt":{"rendered":"<p>ROMA (ITALPRESS) &#8211; &#8220;I governi parlano con gli atti. Gli atti di questo Governo, approvati dal Parlamento da tutte le forze politiche, pare siano abbastanza chiari. La posizione dell&#8217;Italia non pu\u00f2 essere messa in discussione e non \u00e8 messa in discussione dalla maggioranza n\u00e8 da gran parte dell&#8217;opposizione&#8221;. Cos\u00ec il ministro della Difesa, Guido Crosetto, [&hellip;]<\/p>\n","protected":false},"author":18,"featured_media":141716,"comment_status":"closed","ping_status":"closed","sticky":false,"template":"","format":"standard","meta":{"ub_ctt_via":"","_mi_skip_tracking":false},"categories":[446],"tags":[783],"featured_image_src":"https:\/\/www.messinaoggi.it\/website\/wp-content\/uploads\/2023\/02\/20230213_0783.jpg","author_info":{"display_name":"Admin","author_link":"https:\/\/www.messinaoggi.it\/website\/author\/admin\/"},"digistream_id":0,"digistream":false,"_links":{"self":[{"href":"https:\/\/www.messinaoggi.it\/website\/wp-json\/wp\/v2\/posts\/141715"}],"collection":[{"href":"https:\/\/www.messinaoggi.it\/website\/wp-json\/wp\/v2\/posts"}],"about":[{"href":"https:\/\/www.messinaoggi.it\/website\/wp-json\/wp\/v2\/types\/post"}],"author":[{"embeddable":true,"href":"https:\/\/www.messinaoggi.it\/website\/wp-json\/wp\/v2\/users\/18"}],"replies":[{"embeddable":true,"href":"https:\/\/www.messinaoggi.it\/website\/wp-json\/wp\/v2\/comments?post=141715"}],"version-history":[{"count":0,"href":"https:\/\/www.messinaoggi.it\/website\/wp-json\/wp\/v2\/posts\/141715\/revisions"}],"wp:featuredmedia":[{"embeddable":true,"href":"https:\/\/www.messinaoggi.it\/website\/wp-json\/wp\/v2\/media\/141716"}],"wp:attachment":[{"href":"https:\/\/www.messinaoggi.it\/website\/wp-json\/wp\/v2\/media?parent=141715"}],"wp:term":[{"taxonomy":"category","embeddable":true,"href":"https:\/\/www.messinaoggi.it\/website\/wp-json\/wp\/v2\/categories?post=141715"},{"taxonomy":"post_tag","embeddable":true,"href":"https:\/\/www.messinaoggi.it\/website\/wp-json\/wp\/v2\/tags?post=141715"}],"curies":[{"name":"wp","href":"https:\/\/api.w.org\/{rel}","templated":true}]}}