{"id":141714,"date":"2023-02-13T15:11:08","date_gmt":"2023-02-13T14:11:08","guid":{"rendered":"http:\/\/www.messinaoggi.it\/website\/?p=141714"},"modified":"2023-02-13T15:11:09","modified_gmt":"2023-02-13T14:11:09","slug":"scuola-zafferia-calabro-pd-chiede-soluzione-urgente","status":"publish","type":"post","link":"https:\/\/www.messinaoggi.it\/website\/2023\/02\/13\/scuola-zafferia-calabro-pd-chiede-soluzione-urgente\/","title":{"rendered":"Scuola Zafferia, Calabr\u00f2 (PD) chiede soluzione urgente"},"content":{"rendered":"\n<p>Il Consigliere comunale del Partito Democratico <strong>Felice Calabr\u00f2 <\/strong>interviene sulla problematica riguardante la scuola di Zafferia, scrivendo al Sindaco di Messina <strong>Federico Basile <\/strong>e agli assessori competenti affinch\u00e9 si dia al pi\u00f9 presto una soluzione.<div id=\"div-gpt-ad-Messinaoggi.it-DSK-300x250-corpoart\" style=\"text-align:center;margin:0 auto;\"><\/div><\/p>\n\n\n\n<p>Il consigliere spiega che da tempo \u00e8 riscontrata una carenza di aule per le 5 classi della Scuola primaria e per la materna. Negli anni sarebbe stata necessaria la realizzazione di un nuovo plesso, vista la carenza di quello esistente, e come viene delineato nella missiva si \u00e8 sopperito con l&#8217;intervento della Parrocchia, che ha dato a disposizione propri locali, e con l&#8217;accordo tra Scuola e famiglie, che ha consentito la creazione delle &#8220;pluriclassi&#8221;.<div id=\"videoincontent\" style=\"clear:both\";><\/div><\/p>\n\n\n\n<p>Per Calabr\u00f2 ci\u00f2 non basta. Infatti vi sarebbe stato un calo importante degli iscritti. La responsabilit\u00e0 di ci\u00f2 viene attribuita alle amministrazioni che si sono succedute finora.<\/p>\n\n\n\n<p>L&#8217;esponente PD chiede quindi ai destinatari l&#8217;immediata soluzione del problema, fornendo alcune possibili soluzioni:<\/p>\n\n\n\n<ul><li>La rivisitazione del progetto del nuovo plesso nell&#8217;area Edil D&#8217;Angelo. Essendo stato ritenuto insufficiente il lotto per la realizzazione del nuovo edificio scolastico, suggerisce di rivedere la viabilit\u00e0 della zona integrandola con quella di Via Petrolo, che ritiene positiva anche nel miglioramento dell&#8217;attuale assetto viabile. Si tratta della soluzione che a quanto si legge \u00e8 la preferita anche del Consiglio della II Municipalit\u00e0 e del Dirigente Scolastico.<\/li><li>L&#8217;ampliamento in sopraelevazione del plesso esistente.<\/li><li>La creazione di due nuove aule nel cortile. <\/li><\/ul>\n\n\n\n<p><strong>Michele Bruno.<\/strong><\/p>\n\n\n\n<p><\/p>\n","protected":false},"excerpt":{"rendered":"<p>Il Consigliere comunale del Partito Democratico Felice Calabr\u00f2 interviene sulla problematica riguardante la scuola di Zafferia, scrivendo al Sindaco di Messina Federico Basile e agli assessori competenti affinch\u00e9 si dia al pi\u00f9 presto una soluzione. Il consigliere spiega che da tempo \u00e8 riscontrata una carenza di aule per le 5 classi della Scuola primaria e [&hellip;]<\/p>\n","protected":false},"author":123457,"featured_media":134925,"comment_status":"open","ping_status":"open","sticky":false,"template":"","format":"standard","meta":{"ub_ctt_via":"","_mi_skip_tracking":false},"categories":[6],"tags":[2972,6003,5344,6650,6665,4757],"featured_image_src":"https:\/\/www.messinaoggi.it\/website\/wp-content\/uploads\/2022\/12\/Felice-Calabro-2.png","author_info":{"display_name":"Michele Bruno","author_link":"https:\/\/www.messinaoggi.it\/website\/author\/michele-bruno\/"},"digistream_id":0,"digistream":false,"_links":{"self":[{"href":"https:\/\/www.messinaoggi.it\/website\/wp-json\/wp\/v2\/posts\/141714"}],"collection":[{"href":"https:\/\/www.messinaoggi.it\/website\/wp-json\/wp\/v2\/posts"}],"about":[{"href":"https:\/\/www.messinaoggi.it\/website\/wp-json\/wp\/v2\/types\/post"}],"author":[{"embeddable":true,"href":"https:\/\/www.messinaoggi.it\/website\/wp-json\/wp\/v2\/users\/123457"}],"replies":[{"embeddable":true,"href":"https:\/\/www.messinaoggi.it\/website\/wp-json\/wp\/v2\/comments?post=141714"}],"version-history":[{"count":1,"href":"https:\/\/www.messinaoggi.it\/website\/wp-json\/wp\/v2\/posts\/141714\/revisions"}],"predecessor-version":[{"id":141719,"href":"https:\/\/www.messinaoggi.it\/website\/wp-json\/wp\/v2\/posts\/141714\/revisions\/141719"}],"wp:featuredmedia":[{"embeddable":true,"href":"https:\/\/www.messinaoggi.it\/website\/wp-json\/wp\/v2\/media\/134925"}],"wp:attachment":[{"href":"https:\/\/www.messinaoggi.it\/website\/wp-json\/wp\/v2\/media?parent=141714"}],"wp:term":[{"taxonomy":"category","embeddable":true,"href":"https:\/\/www.messinaoggi.it\/website\/wp-json\/wp\/v2\/categories?post=141714"},{"taxonomy":"post_tag","embeddable":true,"href":"https:\/\/www.messinaoggi.it\/website\/wp-json\/wp\/v2\/tags?post=141714"}],"curies":[{"name":"wp","href":"https:\/\/api.w.org\/{rel}","templated":true}]}}