{"id":141687,"date":"2023-02-13T10:47:52","date_gmt":"2023-02-13T09:47:52","guid":{"rendered":"https:\/\/www.messinaoggi.it\/website\/2023\/02\/13\/in-sicilia-ok-a-programmazione-di-8-milioni-per-disabili-autistici\/"},"modified":"2023-02-13T12:17:52","modified_gmt":"2023-02-13T11:17:52","slug":"in-sicilia-ok-a-programmazione-di-8-milioni-per-disabili-autistici","status":"publish","type":"post","link":"https:\/\/www.messinaoggi.it\/website\/2023\/02\/13\/in-sicilia-ok-a-programmazione-di-8-milioni-per-disabili-autistici\/","title":{"rendered":"In Sicilia ok a programmazione di 8 milioni per disabili autistici"},"content":{"rendered":"<div>\n<p>PALERMO (ITALPRESS) \u2013 La giunta regionale ha approvato la proposta di programmazione delle risorse del fondo per l\u2019Inclusione delle persone con disabilit\u00e0, pari a 8 milioni 140 mila euro, erogate dal ministero per le Disabilit\u00e0 e destinate agli autistici.<br \/>\n\u00abPianifichiamo le risorse assegnate alla Sicilia per migliorare la qualit\u00e0 della vita di tanti che presentano queste fragilit\u00e0 \u2013 dice presidente della Regione Renato Schifani \u2013 puntando sul rapido rafforzamento dei servizi e su un supporto pi\u00f9 efficace per accompagnarli a gestire in modo adeguato le proprie difficolt\u00e0\u00bb.<br \/>\nIl programma dell\u2019assessorato della Famiglia e delle politiche sociali prevede diversi interventi: assistenza socio-sanitaria, cos\u00ec come prevista dalle linee guida sul trattamento dei disturbi dello spettro autistico dell\u2019istituto superiore di Sanit\u00e0, anche tramite voucher da utilizzare per acquistare prestazioni; percorsi di assistenza alla socializzazione dedicati ai minori e all\u2019et\u00e0 di transizione fino a 21 anni, anche tramite voucher; progetti volti a prestare assistenza agli enti locali, anche associati tra loro, per sostenere le attivit\u00e0 scolastiche delle persone con disturbi dello spettro autistico nell\u2019ambito del progetto terapeutico individualizzato e del piano educativo individualizzato (Pei); progetti finalizzati a percorsi di socializzazione con attivit\u00e0 in ambiente esterno (gruppi di cammino, attivit\u00e0 musicale, attivit\u00e0 sportiva) dedicati agli adulti, ad alto funzionamento; progetti che si rivolgono al terzo settore per favorire l\u2019inclusione attraverso attivit\u00e0 sociali (sport, tempo ricreativo, mostre); progetti sperimentali per la formazione e l\u2019inclusione lavorativa; interventi in favore della formazione dei nuclei familiari che assistono persone con disturbo dello spettro autistico; progetti sperimentali di residenzialit\u00e0 e per l\u2019abitare supportato, finalizzati alla promozione del benessere e alla qualit\u00e0 della vita delle persone con disturbi dello spettro autistico.<br \/>\n\u201cNelle prossime settimane \u2013 afferma l\u2019assessore regionale alla Famiglia, politiche sociali e lavoro, Nuccia Albano \u2013 ci sar\u00e0 un incontro con le rappresentanze sindacali delle famiglie dei disabili autistici e degli operatori che si occupano di queste materie per disegnare i migliori percorsi, finalizzati a selezionare progetti innovativi e di alta professionalit\u00e0\u201d.<div id=\"div-gpt-ad-Messinaoggi.it-DSK-300x250-corpoart\" style=\"text-align:center;margin:0 auto;\"><\/div><\/p>\n<p>\u2013 foto: agenzia fotogramma.it<div id=\"videoincontent\" style=\"clear:both\";><\/div><\/p>\n<p>(ITALPRESS).<\/p>\n<\/div>\n","protected":false},"excerpt":{"rendered":"<p>PALERMO (ITALPRESS) \u2013 La giunta regionale ha approvato la proposta di programmazione delle risorse del fondo per l\u2019Inclusione delle persone con disabilit\u00e0, pari a 8 milioni 140 mila euro, erogate dal ministero per le Disabilit\u00e0 e destinate agli autistici. \u00abPianifichiamo le risorse assegnate alla Sicilia per migliorare la qualit\u00e0 della vita di tanti che presentano [&hellip;]<\/p>\n","protected":false},"author":18,"featured_media":141688,"comment_status":"closed","ping_status":"closed","sticky":false,"template":"","format":"standard","meta":{"ub_ctt_via":"","_mi_skip_tracking":false},"categories":[11,2449],"tags":[783],"featured_image_src":"https:\/\/www.messinaoggi.it\/website\/wp-content\/uploads\/2023\/02\/20230213_0199.jpg","author_info":{"display_name":"Admin","author_link":"https:\/\/www.messinaoggi.it\/website\/author\/admin\/"},"digistream_id":0,"digistream":false,"_links":{"self":[{"href":"https:\/\/www.messinaoggi.it\/website\/wp-json\/wp\/v2\/posts\/141687"}],"collection":[{"href":"https:\/\/www.messinaoggi.it\/website\/wp-json\/wp\/v2\/posts"}],"about":[{"href":"https:\/\/www.messinaoggi.it\/website\/wp-json\/wp\/v2\/types\/post"}],"author":[{"embeddable":true,"href":"https:\/\/www.messinaoggi.it\/website\/wp-json\/wp\/v2\/users\/18"}],"replies":[{"embeddable":true,"href":"https:\/\/www.messinaoggi.it\/website\/wp-json\/wp\/v2\/comments?post=141687"}],"version-history":[{"count":1,"href":"https:\/\/www.messinaoggi.it\/website\/wp-json\/wp\/v2\/posts\/141687\/revisions"}],"predecessor-version":[{"id":141694,"href":"https:\/\/www.messinaoggi.it\/website\/wp-json\/wp\/v2\/posts\/141687\/revisions\/141694"}],"wp:featuredmedia":[{"embeddable":true,"href":"https:\/\/www.messinaoggi.it\/website\/wp-json\/wp\/v2\/media\/141688"}],"wp:attachment":[{"href":"https:\/\/www.messinaoggi.it\/website\/wp-json\/wp\/v2\/media?parent=141687"}],"wp:term":[{"taxonomy":"category","embeddable":true,"href":"https:\/\/www.messinaoggi.it\/website\/wp-json\/wp\/v2\/categories?post=141687"},{"taxonomy":"post_tag","embeddable":true,"href":"https:\/\/www.messinaoggi.it\/website\/wp-json\/wp\/v2\/tags?post=141687"}],"curies":[{"name":"wp","href":"https:\/\/api.w.org\/{rel}","templated":true}]}}