{"id":14165,"date":"2018-01-11T09:44:16","date_gmt":"2018-01-11T08:44:16","guid":{"rendered":"http:\/\/www.messinaoggi.it\/website\/?p=14165"},"modified":"2018-01-11T09:44:16","modified_gmt":"2018-01-11T08:44:16","slug":"viale-della-liberta-vigili-del-fuoco-domano-incendio-in-abitazione","status":"publish","type":"post","link":"https:\/\/www.messinaoggi.it\/website\/2018\/01\/11\/viale-della-liberta-vigili-del-fuoco-domano-incendio-in-abitazione\/","title":{"rendered":"Viale della Libert\u00e0, Vigili del fuoco domano incendio in abitazione"},"content":{"rendered":"<p>Momenti di panico per un incendio che si \u00e8 divampato nel ripostiglio di un appartamento al primo piano, nel viale della Libert\u00e0. Sul posto ha operato la squadra del vicino distaccamento Nord, con un&#8217;autopompa serbatoio e cinque unit\u00e0 permanenti.<br \/>\nIl forte calore sprigionatosi, assieme al denso fumo, hanno causato il distacco di alcune parti di intonaco dal soffitto e dalle pareti del ripostiglio, danneggiato altre pertinenze dell\u2019appartamento e l\u2019impianto elettrico rendendo i locali inagibili sino al ripristino delle condizioni di sicurezza.<br \/>\nGli occupanti dello stabile sono stati fatti evacuare dai Vigili del fuoco, fortunatamente non si \u00e8 registrato alcun ferito.<br \/>\n <br \/>\n <br \/>\n<em>\u00a0<\/em><div id=\"div-gpt-ad-Messinaoggi.it-DSK-300x250-corpoart\" style=\"text-align:center;margin:0 auto;\"><\/div><\/p>\n<div id=\"videoincontent\" style=\"clear:both\";><\/div>","protected":false},"excerpt":{"rendered":"<p>Momenti di panico per un incendio che si \u00e8 divampato nel ripostiglio di un appartamento al primo piano, nel viale della Libert\u00e0. Sul posto ha operato la squadra del vicino distaccamento Nord, con un&#8217;autopompa serbatoio e cinque unit\u00e0 permanenti. Il forte calore sprigionatosi, assieme al denso fumo, hanno causato il distacco di alcune parti di [&hellip;]<\/p>\n","protected":false},"author":2,"featured_media":14167,"comment_status":"closed","ping_status":"open","sticky":false,"template":"","format":"standard","meta":{"ub_ctt_via":"","_mi_skip_tracking":false},"categories":[5],"tags":[],"featured_image_src":"https:\/\/www.messinaoggi.it\/website\/wp-content\/uploads\/2018\/01\/incendio-viale-della-liberta-1.jpg","author_info":{"display_name":"Redazione","author_link":"https:\/\/www.messinaoggi.it\/website\/author\/redazione\/"},"digistream_id":0,"digistream":false,"_links":{"self":[{"href":"https:\/\/www.messinaoggi.it\/website\/wp-json\/wp\/v2\/posts\/14165"}],"collection":[{"href":"https:\/\/www.messinaoggi.it\/website\/wp-json\/wp\/v2\/posts"}],"about":[{"href":"https:\/\/www.messinaoggi.it\/website\/wp-json\/wp\/v2\/types\/post"}],"author":[{"embeddable":true,"href":"https:\/\/www.messinaoggi.it\/website\/wp-json\/wp\/v2\/users\/2"}],"replies":[{"embeddable":true,"href":"https:\/\/www.messinaoggi.it\/website\/wp-json\/wp\/v2\/comments?post=14165"}],"version-history":[{"count":0,"href":"https:\/\/www.messinaoggi.it\/website\/wp-json\/wp\/v2\/posts\/14165\/revisions"}],"wp:featuredmedia":[{"embeddable":true,"href":"https:\/\/www.messinaoggi.it\/website\/wp-json\/wp\/v2\/media\/14167"}],"wp:attachment":[{"href":"https:\/\/www.messinaoggi.it\/website\/wp-json\/wp\/v2\/media?parent=14165"}],"wp:term":[{"taxonomy":"category","embeddable":true,"href":"https:\/\/www.messinaoggi.it\/website\/wp-json\/wp\/v2\/categories?post=14165"},{"taxonomy":"post_tag","embeddable":true,"href":"https:\/\/www.messinaoggi.it\/website\/wp-json\/wp\/v2\/tags?post=14165"}],"curies":[{"name":"wp","href":"https:\/\/api.w.org\/{rel}","templated":true}]}}