{"id":141538,"date":"2023-02-11T19:22:09","date_gmt":"2023-02-11T18:22:09","guid":{"rendered":"http:\/\/www.messinaoggi.it\/website\/?p=141538"},"modified":"2023-02-11T19:27:45","modified_gmt":"2023-02-11T18:27:45","slug":"bonaccini-a-messina-ponte-non-e-priorita","status":"publish","type":"post","link":"https:\/\/www.messinaoggi.it\/website\/2023\/02\/11\/bonaccini-a-messina-ponte-non-e-priorita\/","title":{"rendered":"Bonaccini a Messina: &#8220;Ponte non \u00e8 priorit\u00e0&#8221;"},"content":{"rendered":"\n<p><strong>Stefano Bonaccini<\/strong> \u00e8 stato a Messina. Il candidato alla segreteria del Partito Democratico ha partecipato da protagonista ad una convention nella Citt\u00e0 dello Stretto organizzata dai suoi sostenitori in appoggio alla sua candidatura.<div id=\"div-gpt-ad-Messinaoggi.it-DSK-300x250-corpoart\" style=\"text-align:center;margin:0 auto;\"><\/div><\/p>\n\n\n\n<p>Riportare il PD nei territori e cambiare volto alla dirigenza del partito, innovarlo ma restando fedeli alle sue radici storiche le priorit\u00e0. Il presidente della Regione Emilia-Romagna vuole un PD comunque \u201cattento ai suoi valori, incarnati da figure come Enrico Berlinguer, Pio La Torre, Piersanti Mattarella e Tina Anselmi\u201d. E tra i temi di discussione trattati quello caldo del Ponte sullo Stretto, del reddito di cittadinanza, della legge elettorale e dell\u2019autonomia differenziata.<div id=\"videoincontent\" style=\"clear:both\";><\/div><\/p>\n\n\n\n<p>Al suo fianco molti militanti e importanti dirigenti di peso, tra cui il segretario provinciale <strong>Nino Bartolotta<\/strong> e il deputato regionale <strong>Calogero Leanza,<\/strong> il sindaco di Taormina <strong>Mario Bolognari<\/strong>, il consigliere comunale <strong>Felice Calabr\u00f2<\/strong> e il componente della segreteria siciliana <strong>Giacomo D\u2019Arrigo.<\/strong><\/p>\n\n\n\n<div class=\"wp-block-media-text alignwide is-stacked-on-mobile\" style=\"grid-template-columns:40% auto\"><figure class=\"wp-block-media-text__media\"><video controls src=\"http:\/\/www.messinaoggi.it\/website\/wp-content\/uploads\/2023\/02\/WhatsApp-Video-2023-02-11-at-15.09.21.mp4\"><\/video><\/figure><div class=\"wp-block-media-text__content\">\n<h2><strong>Bonaccini a Messina, rifondare il PD da lavoro e territorio<\/strong><\/h2>\n<\/div><\/div>\n\n\n\n<p>\u201cDobbiamo ricostruire un partito che sia presente nel territorio e non abbia paura dei fischi. Non ci hanno fischiato perch\u00e9 in molti luoghi \u2013 ndr ha citato Mirafiori &#8211; non ci siamo stati. Io in molti di questi ci sono andato, ho rischiato i fischi, ma se lo avessi fatto avrei potuto cambiare mestiere. Bisogna essere con la gente prima ancora delle soluzioni, e anche quando quello che diremo non \u00e8 quello che vuole sentirsi dire. Non si pu\u00f2 essere d\u2019accordo con tutti. Anche in questi casi sono stato rispettato. Ma voglio un partito che non abbia paura di andare nei bar. Io sono qui oggi e mi rivedrete anche domani, se sar\u00f2 il segretario\u201d. Ha chiarito Bonaccini. E\u2019 questo lo spirito del nuovo partito che vuole rifondare\u201d.<\/p>\n\n\n\n<figure class=\"wp-block-image size-large\"><img loading=\"lazy\" width=\"1024\" height=\"768\" src=\"http:\/\/www.messinaoggi.it\/website\/wp-content\/uploads\/2023\/02\/Bonaccini-4-1024x768.jpeg\" alt=\"\" class=\"wp-image-141542\" srcset=\"https:\/\/www.messinaoggi.it\/website\/wp-content\/uploads\/2023\/02\/Bonaccini-4-1024x768.jpeg 1024w, https:\/\/www.messinaoggi.it\/website\/wp-content\/uploads\/2023\/02\/Bonaccini-4-300x225.jpeg 300w, https:\/\/www.messinaoggi.it\/website\/wp-content\/uploads\/2023\/02\/Bonaccini-4-768x576.jpeg 768w, https:\/\/www.messinaoggi.it\/website\/wp-content\/uploads\/2023\/02\/Bonaccini-4-1536x1152.jpeg 1536w, https:\/\/www.messinaoggi.it\/website\/wp-content\/uploads\/2023\/02\/Bonaccini-4.jpeg 1600w\" sizes=\"(max-width: 1024px) 100vw, 1024px\" \/><\/figure>\n\n\n\n<p>\u201cPerdiamo le elezioni da parecchi anni. &#8211; ha affermato Bonaccini &#8211; Innanzi tutto va cambiato il gruppo dirigente che peraltro non sta a sostenere me. Si parla di rinnovamento ma quasi tutti quelli che hanno gestito il partito negli ultimi anni non sostengono Bonaccini. E tantissimi colleghi che hanno avuto ruoli con diversi governi e diversi segretari non hanno raggiunto i risultati sperati. Se perdiamo le elezioni, non uso la parola rottamazione, perch\u00e9 le persone non si rottamano, ma sicuramente ritengo che qualcuno di loro possa mettersi in panchina stavolta. Bisogna anche capire il momento di farsi da parte, la militanza ha dignit\u00e0 con qualsiasi ruolo. Io non sono mai stato in Parlamento ma sto benissimo cos\u00ec. Bisogna cambiare il gruppo dirigente e costruirlo partendo dai territori perch\u00e9 poi in questo momento stiamo governando quasi il 70% dei comuni italiani mentre perdiamo le politiche. Abbiano una squadra allenata e bisogna pescare da l\u00ec. Poi bisogna avere un&#8217;identit\u00e0 molto pi\u00f9 precisa, dobbiamo essere considerati un partito del lavoro, raccogliere le firme per il salario minimo garantito e difendere scuola e sanit\u00e0 pubbliche&#8221;.<\/p>\n\n\n\n<figure class=\"wp-block-image size-large\"><img loading=\"lazy\" width=\"1024\" height=\"768\" src=\"http:\/\/www.messinaoggi.it\/website\/wp-content\/uploads\/2023\/02\/Bonaccini-7-1024x768.jpeg\" alt=\"\" class=\"wp-image-141539\" srcset=\"https:\/\/www.messinaoggi.it\/website\/wp-content\/uploads\/2023\/02\/Bonaccini-7-1024x768.jpeg 1024w, https:\/\/www.messinaoggi.it\/website\/wp-content\/uploads\/2023\/02\/Bonaccini-7-300x225.jpeg 300w, https:\/\/www.messinaoggi.it\/website\/wp-content\/uploads\/2023\/02\/Bonaccini-7-768x576.jpeg 768w, https:\/\/www.messinaoggi.it\/website\/wp-content\/uploads\/2023\/02\/Bonaccini-7-1536x1152.jpeg 1536w, https:\/\/www.messinaoggi.it\/website\/wp-content\/uploads\/2023\/02\/Bonaccini-7.jpeg 1600w\" sizes=\"(max-width: 1024px) 100vw, 1024px\" \/><\/figure>\n\n\n\n<p>Sulla legge elettorale ha detto: \u201cVa cambiata e la responsabilit\u00e0 di questa legge \u00e8 nostra perch\u00e9 l\u2019ha voluta il PD. Ma bisogna essere onesti ed ammettere di aver sbagliato. E\u2019 molto probabile che alla destra vada bene e non voglia cambiarla. Purtroppo servono i numeri della destra in Parlamento per farlo. Ma vi prometto sin da ora, se non lo faranno, sceglieremo i candidati non chiusi in una stanza a Roma, ma con voi, nel territorio. Non ci saranno pi\u00f9 nomi importanti di partito catapultati da Roma negli uninominali. Questo ve lo garantisco\u201d.<\/p>\n\n\n\n<p>Bonaccini ha parlato anche di Ponte sullo Stretto: &#8221; Se ne parla da qualche secolo, forse lo progettavano da prima ancora che ci fossero le auto&#8230; Battute a parte, non mi pare sia una priorit\u00e0. In questa regione c&#8217;\u00e8 un problema di collegamenti stradali e autostradali che avrebbero bisogno di essere risolti prima di pensare al ponte sullo Stretto, credo che non sia una priorit\u00e0 come invece lo sono le politiche industriali, le politiche infrastrutturali e politiche per il turismo&#8221;.<\/p>\n\n\n\n<div class=\"wp-block-media-text alignwide is-stacked-on-mobile\"><figure class=\"wp-block-media-text__media\"><video controls src=\"https:\/\/www.messinaoggi.it\/website\/wp-content\/uploads\/2023\/02\/WhatsApp-Video-2023-02-11-at-11.49.29.mp4\"><\/video><\/figure><div class=\"wp-block-media-text__content\">\n<h2>Nino Bartolotta per Bonaccini<\/h2>\n<\/div><\/div>\n\n\n\n<p>Ed ha difeso il reddito di cittadinanza: &#8220;Quando sento un politico che dice che va cancellato, penso che stia molto bene perch\u00e9 solo chi \u00e8 povero e disperato pu\u00f2 capire il valore di ricevere dallo Stato un sussidio. C&#8217;\u00e8 un per\u00f2: cos\u00ec com&#8217;\u00e8 da solo il Rdc non funziona, ha bisogno di politiche attive di lavoro perch\u00e9 se sulla parte assistenziale ha funzionato \u00e8 completamente mancata la parte di reintroduzione nel mercato del lavoro. Servono politiche industriali serie, infrastrutturali, politiche attive di lavoro e, credo, una misura di decontribuzione per i nuovi assunti. Il reddito di cittadinanza non si cancella, va migliorato&#8221;.<\/p>\n\n\n\n<div class=\"wp-block-media-text alignwide is-stacked-on-mobile\"><figure class=\"wp-block-media-text__media\"><video controls src=\"https:\/\/www.messinaoggi.it\/website\/wp-content\/uploads\/2023\/02\/WhatsApp-Video-2023-02-11-at-11.49.05.mp4\"><\/video><\/figure><div class=\"wp-block-media-text__content\">\n<h2><strong>Calogero Leanza per Bonaccini<\/strong><\/h2>\n<\/div><\/div>\n\n\n\n<p>Ha inoltre espresso la sua sul tema immigrazione: &#8220;L&#8217;Italia ha bisogno di tutto tranne che di essere emarginata. D&#8217;altra parte lo avete visto sugli sbarchi: abbiamo dato una mano, l&#8217;ultimo dell&#8217;anno, a Ravenna, nella mia regione, facendo sbarcare 113 persone disperate, e ci mancherebbe altro. Ho detto al ministro Piantedosi che ogni volta che avranno bisogno, noi ci saremo perch\u00e9 umanit\u00e0 e solidariet\u00e0 non si danno a corrente alternata e a seconda del colore politico del governo che te lo chiede. Per\u00f2 avete visto: abbiamo fatto la battaglia contro le Ong e gli sbarchi sono decuplicati sullo stesso periodo dell&#8217;anno scorso. La presidente del Consiglio \u2013 ha detto &#8211; \u00e8 andata in Europa a chiedere solidariet\u00e0 e gli \u00e8 stato risposto &#8216;prima gli svedesi e prima gli ungheresi&#8217;. Quando per troppo tempo semini vento, nella propaganda dell&#8217;opposizione, poi quando vai a governare raccogli tempesta&#8221;.<\/p>\n\n\n\n<p>Infine sull&#8217;autonomia differenziata: &#8220;Voi siciliani avete gi\u00e0 un\u2019autonomia invidiabile\u2026 L\u2019autonomia differenziata \u00e8 prevista dalla nostra Costituzione che si dice sempre essere la pi\u00f9 bella del mondo. Vi chiedo, questo \u00e8 un Paese equilibrato? No, non lo \u00e8 affatto, eppure non \u00e8 mai stata concessa l\u2019autonomia differenziata. La mia proposta di autonomia differenziata ha come scopo la programmabilit\u00e0 degli investimenti e il taglio alla burocrazia. Non voglio un euro in pi\u00f9 per Regioni come la mia e, ripeto sempre, scuola e sanit\u00e0 ne devono restare escluse\u201d.<\/p>\n\n\n\n<p><strong>Michele Bruno.<\/strong><\/p>\n\n\n\n<figure class=\"wp-block-gallery columns-3 is-cropped\"><ul class=\"blocks-gallery-grid\"><li class=\"blocks-gallery-item\"><figure><img loading=\"lazy\" width=\"1024\" height=\"768\" src=\"http:\/\/www.messinaoggi.it\/website\/wp-content\/uploads\/2023\/02\/Bonaccini-1.jpeg\" alt=\"\" data-id=\"141546\" data-full-url=\"http:\/\/www.messinaoggi.it\/website\/wp-content\/uploads\/2023\/02\/Bonaccini-1.jpeg\" data-link=\"http:\/\/www.messinaoggi.it\/website\/2023\/02\/11\/bonaccini-a-messina-ponte-non-e-priorita\/bonaccini-1\/\" class=\"wp-image-141546\" srcset=\"https:\/\/www.messinaoggi.it\/website\/wp-content\/uploads\/2023\/02\/Bonaccini-1.jpeg 1024w, https:\/\/www.messinaoggi.it\/website\/wp-content\/uploads\/2023\/02\/Bonaccini-1-300x225.jpeg 300w, https:\/\/www.messinaoggi.it\/website\/wp-content\/uploads\/2023\/02\/Bonaccini-1-768x576.jpeg 768w\" sizes=\"(max-width: 1024px) 100vw, 1024px\" \/><\/figure><\/li><li class=\"blocks-gallery-item\"><figure><img loading=\"lazy\" width=\"1024\" height=\"768\" src=\"http:\/\/www.messinaoggi.it\/website\/wp-content\/uploads\/2023\/02\/Bonaccini-2-1024x768.jpeg\" alt=\"\" data-id=\"141545\" data-full-url=\"http:\/\/www.messinaoggi.it\/website\/wp-content\/uploads\/2023\/02\/Bonaccini-2.jpeg\" data-link=\"http:\/\/www.messinaoggi.it\/website\/2023\/02\/11\/bonaccini-a-messina-ponte-non-e-priorita\/bonaccini-2\/\" class=\"wp-image-141545\" srcset=\"https:\/\/www.messinaoggi.it\/website\/wp-content\/uploads\/2023\/02\/Bonaccini-2-1024x768.jpeg 1024w, https:\/\/www.messinaoggi.it\/website\/wp-content\/uploads\/2023\/02\/Bonaccini-2-300x225.jpeg 300w, https:\/\/www.messinaoggi.it\/website\/wp-content\/uploads\/2023\/02\/Bonaccini-2-768x576.jpeg 768w, https:\/\/www.messinaoggi.it\/website\/wp-content\/uploads\/2023\/02\/Bonaccini-2-1536x1152.jpeg 1536w, https:\/\/www.messinaoggi.it\/website\/wp-content\/uploads\/2023\/02\/Bonaccini-2.jpeg 1600w\" sizes=\"(max-width: 1024px) 100vw, 1024px\" \/><\/figure><\/li><li class=\"blocks-gallery-item\"><figure><img loading=\"lazy\" width=\"1024\" height=\"768\" src=\"http:\/\/www.messinaoggi.it\/website\/wp-content\/uploads\/2023\/02\/Bonaccini-3-1024x768.jpeg\" alt=\"\" data-id=\"141544\" data-full-url=\"http:\/\/www.messinaoggi.it\/website\/wp-content\/uploads\/2023\/02\/Bonaccini-3.jpeg\" data-link=\"http:\/\/www.messinaoggi.it\/website\/2023\/02\/11\/bonaccini-a-messina-ponte-non-e-priorita\/bonaccini-3\/\" class=\"wp-image-141544\" srcset=\"https:\/\/www.messinaoggi.it\/website\/wp-content\/uploads\/2023\/02\/Bonaccini-3-1024x768.jpeg 1024w, https:\/\/www.messinaoggi.it\/website\/wp-content\/uploads\/2023\/02\/Bonaccini-3-300x225.jpeg 300w, https:\/\/www.messinaoggi.it\/website\/wp-content\/uploads\/2023\/02\/Bonaccini-3-768x576.jpeg 768w, https:\/\/www.messinaoggi.it\/website\/wp-content\/uploads\/2023\/02\/Bonaccini-3-1536x1152.jpeg 1536w, https:\/\/www.messinaoggi.it\/website\/wp-content\/uploads\/2023\/02\/Bonaccini-3.jpeg 1600w\" sizes=\"(max-width: 1024px) 100vw, 1024px\" \/><\/figure><\/li><li class=\"blocks-gallery-item\"><figure><img loading=\"lazy\" width=\"1024\" height=\"768\" src=\"http:\/\/www.messinaoggi.it\/website\/wp-content\/uploads\/2023\/02\/Leanza-5-1024x768.jpeg\" alt=\"\" data-id=\"141543\" data-full-url=\"http:\/\/www.messinaoggi.it\/website\/wp-content\/uploads\/2023\/02\/Leanza-5.jpeg\" data-link=\"http:\/\/www.messinaoggi.it\/website\/2023\/02\/11\/bonaccini-a-messina-ponte-non-e-priorita\/leanza-5\/\" class=\"wp-image-141543\" srcset=\"https:\/\/www.messinaoggi.it\/website\/wp-content\/uploads\/2023\/02\/Leanza-5-1024x768.jpeg 1024w, https:\/\/www.messinaoggi.it\/website\/wp-content\/uploads\/2023\/02\/Leanza-5-300x225.jpeg 300w, https:\/\/www.messinaoggi.it\/website\/wp-content\/uploads\/2023\/02\/Leanza-5-768x576.jpeg 768w, https:\/\/www.messinaoggi.it\/website\/wp-content\/uploads\/2023\/02\/Leanza-5-1536x1152.jpeg 1536w, https:\/\/www.messinaoggi.it\/website\/wp-content\/uploads\/2023\/02\/Leanza-5.jpeg 1600w\" sizes=\"(max-width: 1024px) 100vw, 1024px\" \/><\/figure><\/li><li class=\"blocks-gallery-item\"><figure><img loading=\"lazy\" width=\"1024\" height=\"768\" src=\"http:\/\/www.messinaoggi.it\/website\/wp-content\/uploads\/2023\/02\/Bonaccini-4-1024x768.jpeg\" alt=\"\" data-id=\"141542\" data-full-url=\"http:\/\/www.messinaoggi.it\/website\/wp-content\/uploads\/2023\/02\/Bonaccini-4.jpeg\" data-link=\"http:\/\/www.messinaoggi.it\/website\/2023\/02\/11\/bonaccini-a-messina-ponte-non-e-priorita\/bonaccini-4\/\" class=\"wp-image-141542\" srcset=\"https:\/\/www.messinaoggi.it\/website\/wp-content\/uploads\/2023\/02\/Bonaccini-4-1024x768.jpeg 1024w, https:\/\/www.messinaoggi.it\/website\/wp-content\/uploads\/2023\/02\/Bonaccini-4-300x225.jpeg 300w, https:\/\/www.messinaoggi.it\/website\/wp-content\/uploads\/2023\/02\/Bonaccini-4-768x576.jpeg 768w, https:\/\/www.messinaoggi.it\/website\/wp-content\/uploads\/2023\/02\/Bonaccini-4-1536x1152.jpeg 1536w, https:\/\/www.messinaoggi.it\/website\/wp-content\/uploads\/2023\/02\/Bonaccini-4.jpeg 1600w\" sizes=\"(max-width: 1024px) 100vw, 1024px\" \/><\/figure><\/li><li class=\"blocks-gallery-item\"><figure><img loading=\"lazy\" width=\"1024\" height=\"768\" src=\"http:\/\/www.messinaoggi.it\/website\/wp-content\/uploads\/2023\/02\/Bonaccini-5-1024x768.jpeg\" alt=\"\" data-id=\"141541\" data-full-url=\"http:\/\/www.messinaoggi.it\/website\/wp-content\/uploads\/2023\/02\/Bonaccini-5.jpeg\" data-link=\"http:\/\/www.messinaoggi.it\/website\/2023\/02\/11\/bonaccini-a-messina-ponte-non-e-priorita\/bonaccini-5\/\" class=\"wp-image-141541\" srcset=\"https:\/\/www.messinaoggi.it\/website\/wp-content\/uploads\/2023\/02\/Bonaccini-5-1024x768.jpeg 1024w, https:\/\/www.messinaoggi.it\/website\/wp-content\/uploads\/2023\/02\/Bonaccini-5-300x225.jpeg 300w, https:\/\/www.messinaoggi.it\/website\/wp-content\/uploads\/2023\/02\/Bonaccini-5-768x576.jpeg 768w, https:\/\/www.messinaoggi.it\/website\/wp-content\/uploads\/2023\/02\/Bonaccini-5-1536x1152.jpeg 1536w, https:\/\/www.messinaoggi.it\/website\/wp-content\/uploads\/2023\/02\/Bonaccini-5.jpeg 1600w\" sizes=\"(max-width: 1024px) 100vw, 1024px\" \/><\/figure><\/li><li class=\"blocks-gallery-item\"><figure><img loading=\"lazy\" width=\"1024\" height=\"768\" src=\"http:\/\/www.messinaoggi.it\/website\/wp-content\/uploads\/2023\/02\/Bonaccini-6-1024x768.jpeg\" alt=\"\" data-id=\"141540\" data-full-url=\"http:\/\/www.messinaoggi.it\/website\/wp-content\/uploads\/2023\/02\/Bonaccini-6.jpeg\" data-link=\"http:\/\/www.messinaoggi.it\/website\/2023\/02\/11\/bonaccini-a-messina-ponte-non-e-priorita\/bonaccini-6\/\" class=\"wp-image-141540\" srcset=\"https:\/\/www.messinaoggi.it\/website\/wp-content\/uploads\/2023\/02\/Bonaccini-6-1024x768.jpeg 1024w, https:\/\/www.messinaoggi.it\/website\/wp-content\/uploads\/2023\/02\/Bonaccini-6-300x225.jpeg 300w, https:\/\/www.messinaoggi.it\/website\/wp-content\/uploads\/2023\/02\/Bonaccini-6-768x576.jpeg 768w, https:\/\/www.messinaoggi.it\/website\/wp-content\/uploads\/2023\/02\/Bonaccini-6-1536x1152.jpeg 1536w, https:\/\/www.messinaoggi.it\/website\/wp-content\/uploads\/2023\/02\/Bonaccini-6.jpeg 1600w\" sizes=\"(max-width: 1024px) 100vw, 1024px\" \/><\/figure><\/li><li class=\"blocks-gallery-item\"><figure><img loading=\"lazy\" width=\"1024\" height=\"768\" src=\"http:\/\/www.messinaoggi.it\/website\/wp-content\/uploads\/2023\/02\/Bonaccini-7-1024x768.jpeg\" alt=\"\" data-id=\"141539\" data-full-url=\"http:\/\/www.messinaoggi.it\/website\/wp-content\/uploads\/2023\/02\/Bonaccini-7.jpeg\" data-link=\"http:\/\/www.messinaoggi.it\/website\/2023\/02\/11\/bonaccini-a-messina-ponte-non-e-priorita\/bonaccini-7\/\" class=\"wp-image-141539\" srcset=\"https:\/\/www.messinaoggi.it\/website\/wp-content\/uploads\/2023\/02\/Bonaccini-7-1024x768.jpeg 1024w, https:\/\/www.messinaoggi.it\/website\/wp-content\/uploads\/2023\/02\/Bonaccini-7-300x225.jpeg 300w, https:\/\/www.messinaoggi.it\/website\/wp-content\/uploads\/2023\/02\/Bonaccini-7-768x576.jpeg 768w, https:\/\/www.messinaoggi.it\/website\/wp-content\/uploads\/2023\/02\/Bonaccini-7-1536x1152.jpeg 1536w, https:\/\/www.messinaoggi.it\/website\/wp-content\/uploads\/2023\/02\/Bonaccini-7.jpeg 1600w\" sizes=\"(max-width: 1024px) 100vw, 1024px\" \/><\/figure><\/li><\/ul><\/figure>\n","protected":false},"excerpt":{"rendered":"<p>Stefano Bonaccini \u00e8 stato a Messina. Il candidato alla segreteria del Partito Democratico ha partecipato da protagonista ad una convention nella Citt\u00e0 dello Stretto organizzata dai suoi sostenitori in appoggio alla sua candidatura. Riportare il PD nei territori e cambiare volto alla dirigenza del partito, innovarlo ma restando fedeli alle sue radici storiche le priorit\u00e0. [&hellip;]<\/p>\n","protected":false},"author":123457,"featured_media":141545,"comment_status":"open","ping_status":"open","sticky":false,"template":"","format":"standard","meta":{"ub_ctt_via":"","_mi_skip_tracking":false},"categories":[19],"tags":[5440,6003,2509,4025,641,2616,5344,6650,630,928,113,586,6581],"featured_image_src":"https:\/\/www.messinaoggi.it\/website\/wp-content\/uploads\/2023\/02\/Bonaccini-2.jpeg","author_info":{"display_name":"Michele Bruno","author_link":"https:\/\/www.messinaoggi.it\/website\/author\/michele-bruno\/"},"digistream_id":0,"digistream":false,"_links":{"self":[{"href":"https:\/\/www.messinaoggi.it\/website\/wp-json\/wp\/v2\/posts\/141538"}],"collection":[{"href":"https:\/\/www.messinaoggi.it\/website\/wp-json\/wp\/v2\/posts"}],"about":[{"href":"https:\/\/www.messinaoggi.it\/website\/wp-json\/wp\/v2\/types\/post"}],"author":[{"embeddable":true,"href":"https:\/\/www.messinaoggi.it\/website\/wp-json\/wp\/v2\/users\/123457"}],"replies":[{"embeddable":true,"href":"https:\/\/www.messinaoggi.it\/website\/wp-json\/wp\/v2\/comments?post=141538"}],"version-history":[{"count":5,"href":"https:\/\/www.messinaoggi.it\/website\/wp-json\/wp\/v2\/posts\/141538\/revisions"}],"predecessor-version":[{"id":141554,"href":"https:\/\/www.messinaoggi.it\/website\/wp-json\/wp\/v2\/posts\/141538\/revisions\/141554"}],"wp:featuredmedia":[{"embeddable":true,"href":"https:\/\/www.messinaoggi.it\/website\/wp-json\/wp\/v2\/media\/141545"}],"wp:attachment":[{"href":"https:\/\/www.messinaoggi.it\/website\/wp-json\/wp\/v2\/media?parent=141538"}],"wp:term":[{"taxonomy":"category","embeddable":true,"href":"https:\/\/www.messinaoggi.it\/website\/wp-json\/wp\/v2\/categories?post=141538"},{"taxonomy":"post_tag","embeddable":true,"href":"https:\/\/www.messinaoggi.it\/website\/wp-json\/wp\/v2\/tags?post=141538"}],"curies":[{"name":"wp","href":"https:\/\/api.w.org\/{rel}","templated":true}]}}