{"id":14145,"date":"2018-01-10T18:41:41","date_gmt":"2018-01-10T17:41:41","guid":{"rendered":"http:\/\/www.messinaoggi.it\/website\/?p=14145"},"modified":"2018-01-10T18:41:41","modified_gmt":"2018-01-10T17:41:41","slug":"travolto-nel-tunnel-di-via-don-blasco-muore-71enne","status":"publish","type":"post","link":"https:\/\/www.messinaoggi.it\/website\/2018\/01\/10\/travolto-nel-tunnel-di-via-don-blasco-muore-71enne\/","title":{"rendered":"Travolto nel tunnel di via Don Blasco, muore 71enne"},"content":{"rendered":"<p style=\"text-align: justify;\">Sono ancora tutte da stabilire le cause dell\u2019incidente che si \u00e8 verificato oggi pomeriggio, intorno alle 17, nel tunnel di via Don Blasco.<div id=\"div-gpt-ad-Messinaoggi.it-DSK-300x250-corpoart\" style=\"text-align:center;margin:0 auto;\"><\/div><\/p>\n<p style=\"text-align: justify;\">A perdere la vita \u00e8 stato Natale Rebecchi, di 71 anni, morto sul colpo dopo che \u00e8 stato investito da una Lancia Musa.\u00a0<!--more--><div id=\"videoincontent\" style=\"clear:both\";><\/div><\/p>\n<p style=\"text-align: justify;\">Sulposto sono accorsi gli agenti della Polizia Municipale e della scientifica.<\/p>\n","protected":false},"excerpt":{"rendered":"<p>Sono ancora tutte da stabilire le cause dell\u2019incidente che si \u00e8 verificato oggi pomeriggio, intorno alle 17, nel tunnel di via Don Blasco. A perdere la vita \u00e8 stato Natale Rebecchi, di 71 anni, morto sul colpo dopo che \u00e8 stato investito da una Lancia Musa.\u00a0<\/p>\n","protected":false},"author":1,"featured_media":14148,"comment_status":"closed","ping_status":"open","sticky":false,"template":"","format":"standard","meta":{"ub_ctt_via":"","_mi_skip_tracking":false},"categories":[6],"tags":[],"featured_image_src":"https:\/\/www.messinaoggi.it\/website\/wp-content\/uploads\/2018\/01\/IMG-20180110-WA0022-1.jpg","author_info":{"display_name":"admin@admin.com","author_link":"https:\/\/www.messinaoggi.it\/website\/author\/adminadmin-com\/"},"digistream_id":0,"digistream":false,"_links":{"self":[{"href":"https:\/\/www.messinaoggi.it\/website\/wp-json\/wp\/v2\/posts\/14145"}],"collection":[{"href":"https:\/\/www.messinaoggi.it\/website\/wp-json\/wp\/v2\/posts"}],"about":[{"href":"https:\/\/www.messinaoggi.it\/website\/wp-json\/wp\/v2\/types\/post"}],"author":[{"embeddable":true,"href":"https:\/\/www.messinaoggi.it\/website\/wp-json\/wp\/v2\/users\/1"}],"replies":[{"embeddable":true,"href":"https:\/\/www.messinaoggi.it\/website\/wp-json\/wp\/v2\/comments?post=14145"}],"version-history":[{"count":0,"href":"https:\/\/www.messinaoggi.it\/website\/wp-json\/wp\/v2\/posts\/14145\/revisions"}],"wp:featuredmedia":[{"embeddable":true,"href":"https:\/\/www.messinaoggi.it\/website\/wp-json\/wp\/v2\/media\/14148"}],"wp:attachment":[{"href":"https:\/\/www.messinaoggi.it\/website\/wp-json\/wp\/v2\/media?parent=14145"}],"wp:term":[{"taxonomy":"category","embeddable":true,"href":"https:\/\/www.messinaoggi.it\/website\/wp-json\/wp\/v2\/categories?post=14145"},{"taxonomy":"post_tag","embeddable":true,"href":"https:\/\/www.messinaoggi.it\/website\/wp-json\/wp\/v2\/tags?post=14145"}],"curies":[{"name":"wp","href":"https:\/\/api.w.org\/{rel}","templated":true}]}}