{"id":141293,"date":"2023-02-10T06:40:40","date_gmt":"2023-02-10T05:40:40","guid":{"rendered":"http:\/\/www.messinaoggi.it\/website\/?p=141293"},"modified":"2023-02-10T06:44:47","modified_gmt":"2023-02-10T05:44:47","slug":"tra-nevicate-eccezionali-e-violente-mareggiate-messina-nella-morsa-del-maltempo","status":"publish","type":"post","link":"https:\/\/www.messinaoggi.it\/website\/2023\/02\/10\/tra-nevicate-eccezionali-e-violente-mareggiate-messina-nella-morsa-del-maltempo\/","title":{"rendered":"Tra nevicate eccezionali e mareggiate: Messina nella morsa del maltempo"},"content":{"rendered":"\n<p>Il crollo delle temperature che si \u00e8 registrato negli ultimi giorni ha causato delle abbondanti nevicate sulle vette pi\u00f9 alte della Sicilia. In provincia di Messina \u00e8 il caso dei Nebrodi, dove si sono verificate delle nevicate a dir poco eccezionali. Nella foto in copertina, in particolare, siamo a Floresta, dove si \u00e8 formato un manto nevoso dello spessore di diversi centimetri che ha causato disagi alla circolazione stradale, tanto che si \u00e8 reso necessario l&#8217;intervento dello spazzaneve. Discorso analogo per i monti Peloritani, che non sono stati risparmiati dalle nevicate delle ultime ore.<div id=\"div-gpt-ad-Messinaoggi.it-DSK-300x250-corpoart\" style=\"text-align:center;margin:0 auto;\"><\/div><\/p>\n\n\n\n<figure class=\"wp-block-image size-large\"><img loading=\"lazy\" width=\"768\" height=\"1024\" src=\"http:\/\/www.messinaoggi.it\/website\/wp-content\/uploads\/2023\/02\/2a4c6b13-0f3e-489c-8729-e7490c13e323-768x1024.jpeg\" alt=\"\" class=\"wp-image-141294\" srcset=\"https:\/\/www.messinaoggi.it\/website\/wp-content\/uploads\/2023\/02\/2a4c6b13-0f3e-489c-8729-e7490c13e323-768x1024.jpeg 768w, https:\/\/www.messinaoggi.it\/website\/wp-content\/uploads\/2023\/02\/2a4c6b13-0f3e-489c-8729-e7490c13e323-225x300.jpeg 225w, https:\/\/www.messinaoggi.it\/website\/wp-content\/uploads\/2023\/02\/2a4c6b13-0f3e-489c-8729-e7490c13e323-1152x1536.jpeg 1152w, https:\/\/www.messinaoggi.it\/website\/wp-content\/uploads\/2023\/02\/2a4c6b13-0f3e-489c-8729-e7490c13e323.jpeg 1200w\" sizes=\"(max-width: 768px) 100vw, 768px\" \/><\/figure>\n\n\n\n<p>E se a monte cade la neve, a valle si sono registrate delle autentiche mareggiate. Ci\u00f2 ha interessato da un lato le coste di Messina e provincia, dall&#8217;altro le isole minori. Nel primo caso, ad esempio, violenti onde si sono abbattute sul litorale di Santa Margherita, sino ad arrivare sulla statale. Dalle 23 e 30 di ieri \u00e8 stato chiuso il porto di Tremestieri per le avverse condizioni meteo, motivo per cui il traffico dei mezzi pesanti \u00e8 stato temporaneamente dirottato alla Rada San Francesco e al Porto Storico.<div id=\"videoincontent\" style=\"clear:both\";><\/div><\/p>\n\n\n\n<p>In provincia il versante ionico, tra cui i comuni di Furci Siculo, Sant&#8217;Alessio Siculo e Roccalumera, \u00e8 stato flagellato dalle mareggiate. Ieri a Milazzo  sono state sospese temporaneamente le partenze di navi e aliscafi per il mare mosso e le raffiche di vento. Mareggiate anche alle isole Eolie, presso le quali sono stati sospesi i collegamenti.<\/p>\n","protected":false},"excerpt":{"rendered":"<p>Il crollo delle temperature che si \u00e8 registrato negli ultimi giorni ha causato delle abbondanti nevicate sulle vette pi\u00f9 alte della Sicilia. In provincia di Messina \u00e8 il caso dei Nebrodi, dove si sono verificate delle nevicate a dir poco eccezionali. Nella foto in copertina, in particolare, siamo a Floresta, dove si \u00e8 formato un [&hellip;]<\/p>\n","protected":false},"author":8,"featured_media":141295,"comment_status":"open","ping_status":"open","sticky":false,"template":"","format":"standard","meta":{"ub_ctt_via":"","_mi_skip_tracking":false},"categories":[19],"tags":[1227,6643,1025,3321,170,1041,2435],"featured_image_src":"https:\/\/www.messinaoggi.it\/website\/wp-content\/uploads\/2023\/02\/neve-nebrodi-floresta.jpeg","author_info":{"display_name":"red..me","author_link":"https:\/\/www.messinaoggi.it\/website\/author\/redstage\/"},"digistream_id":0,"digistream":false,"_links":{"self":[{"href":"https:\/\/www.messinaoggi.it\/website\/wp-json\/wp\/v2\/posts\/141293"}],"collection":[{"href":"https:\/\/www.messinaoggi.it\/website\/wp-json\/wp\/v2\/posts"}],"about":[{"href":"https:\/\/www.messinaoggi.it\/website\/wp-json\/wp\/v2\/types\/post"}],"author":[{"embeddable":true,"href":"https:\/\/www.messinaoggi.it\/website\/wp-json\/wp\/v2\/users\/8"}],"replies":[{"embeddable":true,"href":"https:\/\/www.messinaoggi.it\/website\/wp-json\/wp\/v2\/comments?post=141293"}],"version-history":[{"count":3,"href":"https:\/\/www.messinaoggi.it\/website\/wp-json\/wp\/v2\/posts\/141293\/revisions"}],"predecessor-version":[{"id":141306,"href":"https:\/\/www.messinaoggi.it\/website\/wp-json\/wp\/v2\/posts\/141293\/revisions\/141306"}],"wp:featuredmedia":[{"embeddable":true,"href":"https:\/\/www.messinaoggi.it\/website\/wp-json\/wp\/v2\/media\/141295"}],"wp:attachment":[{"href":"https:\/\/www.messinaoggi.it\/website\/wp-json\/wp\/v2\/media?parent=141293"}],"wp:term":[{"taxonomy":"category","embeddable":true,"href":"https:\/\/www.messinaoggi.it\/website\/wp-json\/wp\/v2\/categories?post=141293"},{"taxonomy":"post_tag","embeddable":true,"href":"https:\/\/www.messinaoggi.it\/website\/wp-json\/wp\/v2\/tags?post=141293"}],"curies":[{"name":"wp","href":"https:\/\/api.w.org\/{rel}","templated":true}]}}