{"id":14124,"date":"2018-01-10T10:57:10","date_gmt":"2018-01-10T09:57:10","guid":{"rendered":"http:\/\/www.messinaoggi.it\/website\/?p=14124"},"modified":"2018-01-10T10:57:10","modified_gmt":"2018-01-10T09:57:10","slug":"finti-sfollati-nellalluvione-di-giampilieri-e-scaletta-chieste-47-condanne","status":"publish","type":"post","link":"https:\/\/www.messinaoggi.it\/website\/2018\/01\/10\/finti-sfollati-nellalluvione-di-giampilieri-e-scaletta-chieste-47-condanne\/","title":{"rendered":"Finti sfollati nell&#039;alluvione di Giampilieri e Scaletta, chieste 47 condanne"},"content":{"rendered":"<p>Si avvicina la sentenza per tutte quelle persone accusate di aver usufruito dei risarcimenti post alluvione del 1\u00b0 ottobre 2009 che caus\u00f2 37 morti tra Giampilieri e Scaletta. Il Pm Antonio Carchietti\u00a0ha consegnato le sue conclusioni, chiedendo la condanna per 47 persone.<br \/>\nIl magistrato ha invece chiesto l&#8217;assoluzione per i due comandanti della Polizia municipale di entrambi i comuni,\u00a0Letterio Al\u00ec\u00a0di Scaletta e\u00a0Giuseppe\u00a0Trimarchi\u00a0di Itala; per\u00a0Salvatore\u00a0Calabr\u00f2,\u00a0responsabile dell\u2019Ufficio tecnico di Scaletta e Giovanni\u00a0Cuppari, capo ufficio tecnico di Itala, accusati di omissione in atti d\u2019ufficio.\u00a0 Per loro, secondo l&#8217;accusa, il fatto non costituisce reato; proposto il non luogo a procedere per cinque persone nel frattempo decedute.<br \/>\nL&#8217;indagine era partita qualche anno dopo l&#8217;alluvione. Furono centinaia i residenti che dovettero abbandonare la loro abitazione perch\u00e9 inagibile e per loro attraverso un&#8217;ordinanza di Protezione civile il Governo stanzi\u00f2 un aiuto di 450 euro mensili per coprire i costi di affitti ed altre necessit\u00e0.<br \/>\nSecondo la Procura, molte famiglie intascarono gli assegni, pur continuando a vivere nelle vecchie abitazioni. Ad indicarlo ci sarebbero i consumi di acqua e luce, che continuarono regolarmente dopo le varie ordinanze di sgombero.<div id=\"div-gpt-ad-Messinaoggi.it-DSK-300x250-corpoart\" style=\"text-align:center;margin:0 auto;\"><\/div><\/p>\n<div id=\"videoincontent\" style=\"clear:both\";><\/div>","protected":false},"excerpt":{"rendered":"<p>Si avvicina la sentenza per tutte quelle persone accusate di aver usufruito dei risarcimenti post alluvione del 1\u00b0 ottobre 2009 che caus\u00f2 37 morti tra Giampilieri e Scaletta. Il Pm Antonio Carchietti\u00a0ha consegnato le sue conclusioni, chiedendo la condanna per 47 persone. Il magistrato ha invece chiesto l&#8217;assoluzione per i due comandanti della Polizia municipale [&hellip;]<\/p>\n","protected":false},"author":2,"featured_media":1384,"comment_status":"closed","ping_status":"open","sticky":false,"template":"","format":"standard","meta":{"ub_ctt_via":"","_mi_skip_tracking":false},"categories":[6],"tags":[],"featured_image_src":"https:\/\/www.messinaoggi.it\/website\/wp-content\/uploads\/2017\/06\/Alluvione-Giampilieri-2-2.jpg","author_info":{"display_name":"Redazione","author_link":"https:\/\/www.messinaoggi.it\/website\/author\/redazione\/"},"digistream_id":0,"digistream":false,"_links":{"self":[{"href":"https:\/\/www.messinaoggi.it\/website\/wp-json\/wp\/v2\/posts\/14124"}],"collection":[{"href":"https:\/\/www.messinaoggi.it\/website\/wp-json\/wp\/v2\/posts"}],"about":[{"href":"https:\/\/www.messinaoggi.it\/website\/wp-json\/wp\/v2\/types\/post"}],"author":[{"embeddable":true,"href":"https:\/\/www.messinaoggi.it\/website\/wp-json\/wp\/v2\/users\/2"}],"replies":[{"embeddable":true,"href":"https:\/\/www.messinaoggi.it\/website\/wp-json\/wp\/v2\/comments?post=14124"}],"version-history":[{"count":0,"href":"https:\/\/www.messinaoggi.it\/website\/wp-json\/wp\/v2\/posts\/14124\/revisions"}],"wp:featuredmedia":[{"embeddable":true,"href":"https:\/\/www.messinaoggi.it\/website\/wp-json\/wp\/v2\/media\/1384"}],"wp:attachment":[{"href":"https:\/\/www.messinaoggi.it\/website\/wp-json\/wp\/v2\/media?parent=14124"}],"wp:term":[{"taxonomy":"category","embeddable":true,"href":"https:\/\/www.messinaoggi.it\/website\/wp-json\/wp\/v2\/categories?post=14124"},{"taxonomy":"post_tag","embeddable":true,"href":"https:\/\/www.messinaoggi.it\/website\/wp-json\/wp\/v2\/tags?post=14124"}],"curies":[{"name":"wp","href":"https:\/\/api.w.org\/{rel}","templated":true}]}}