{"id":14123,"date":"2018-01-10T10:49:18","date_gmt":"2018-01-10T09:49:18","guid":{"rendered":"http:\/\/www.messinaoggi.it\/website\/?p=14123"},"modified":"2018-01-10T10:49:18","modified_gmt":"2018-01-10T09:49:18","slug":"mensilita-arretrate-dipendenti-atm-gioveni-necessaria-audizione-per-fare-chiarezza","status":"publish","type":"post","link":"https:\/\/www.messinaoggi.it\/website\/2018\/01\/10\/mensilita-arretrate-dipendenti-atm-gioveni-necessaria-audizione-per-fare-chiarezza\/","title":{"rendered":"Mensilit\u00e0 arretrate dipendenti ATM, Gioveni: &#039;Necessaria audizione per fare chiarezza&#039;"},"content":{"rendered":"<p lang=\"it-IT\"><span style=\"font-family: Arial, sans-serif\"><span style=\"font-size: medium\">Numerosi i risultati eccellenti raggiunti negli ultimi anni. Tuttavia, il nodo delle mensilit\u00e0 arretrate non \u00e8 stato ancora completamente sciolto, ed \u00e8 proprio questo uno dei tanti aspetti su cui si chiede di fare chiarezza una volta per tutte. \u00c8 quanto si pu\u00f2 leggere in una nota a firma del consigliere comunale Libero Gioveni, riferendosi anche alla questione dei ritardi nei pagamenti degli stipendi dei lavoratori ATM. In particolare, sembrerebbe che i dipendenti dell&#8217;azienda dei trasporti pubblici abbiano percepito la loro ultima mensilit\u00e0 nel mese di novembre: <span style=\"color: #000000\">\u201c<\/span><span style=\"color: #000000\">Il fatto che i lavoratori abbiano ricevuto come ultimo stipendio solo quello di novembre \u2013 spiega Gioveni \u2013 non rappresenta l\u2019unico rebus che va comunque sciolto al pi\u00f9 presto, soprattutto se \u00e8 vero che il motivo sia soltanto tecnico della\u00a0Tesoreria di Palazzo Zanca; tra l\u2019altro, a tal proposito, va fatto un plauso a tutti i dipendenti che, nonostante per queste festivit\u00e0 natalizie siano rimasti all\u2019asciutto, hanno continuato a svolgere il loro servizio con grande senso di responsabilit\u00e0; ma la corda non si pu\u00f2 certamente tirare troppo, anche per non mettere a rischio il servizio finora eccellente svolto a beneficio dell\u2019utenza.<\/span><\/span><\/span><div id=\"div-gpt-ad-Messinaoggi.it-DSK-300x250-corpoart\" style=\"text-align:center;margin:0 auto;\"><\/div><\/p>\n<p lang=\"it-IT\"><span style=\"font-family: Arial, sans-serif\"><span style=\"font-size: medium\"><span style=\"color: #000000\">L&#8217;esponente del Gruppo Misto chiede per questo motivo ha chiesto \u201cun\u2019audizione urgente in Commissione con il nuovo CdA della Municipalizzata e con gli assessori al Bilancio e alla mobilit\u00e0 urbana, per chiarire definitivamente alcune anomalie o lati oscuri emersi null\u2019ultimo periodo, fra i quali i ritardi nella corresponsione dello stipendio di dicembre ai lavoratori\u201d.<\/span><\/span><\/span><div id=\"videoincontent\" style=\"clear:both\";><\/div><\/p>\n<p lang=\"it-IT\"><span style=\"color: #000000\">\u201c<span style=\"font-family: Arial, sans-serif\"><span style=\"font-size: medium\">Ricordo, infatti \u2013 prosegue il consigliere \u2013 che vanno ancora chiariti, oltre ai dubbi sollevati sulla legittimit\u00e0 della costituzione del CdA, anche i vari contenziosi in itinere con i lavoratori che rischiano di produrre un danno economico all\u2019azienda e se siano stati posti in essere delle transazioni, nonch\u00e9 conoscere come ATM voglia porsi rispetto alle due sentenze del Tribunale del Lavoro di febbraio e di ottobre dello scorso anno che hanno condannato la Municipalizzata a risarcire parecchi lavoratori di circa 250.000 euro (comprensivi di interessi e rivalutazioni monetarie).<\/span><\/span><\/span><\/p>\n<p>\u201cTali vicende rischiano di procurare danni economici esponenziali all\u2019azienda, nonch\u00e9 mettere a rischio la sostenibilit\u00e0 del piano di riequilibrio che adesso va rimodulato!<br \/>\n\u201cPertanto \u2013 conclude Gioveni \u2013 nell\u2019auspicare che l\u2019assessore al Bilancio Cuzzola sbrogli intanto la matassa stipendi, spero nella convocazione immediata di questa Commissione che ho gi\u00e0 formalmente richiesto, affinch\u00e9 si faccia luce a 360 gradi sulle condizioni di salute e sui programmi a breve e lunga scadenza di ATM\u201d.<\/p>\n","protected":false},"excerpt":{"rendered":"<p>Numerosi i risultati eccellenti raggiunti negli ultimi anni. Tuttavia, il nodo delle mensilit\u00e0 arretrate non \u00e8 stato ancora completamente sciolto, ed \u00e8 proprio questo uno dei tanti aspetti su cui si chiede di fare chiarezza una volta per tutte. \u00c8 quanto si pu\u00f2 leggere in una nota a firma del consigliere comunale Libero Gioveni, riferendosi [&hellip;]<\/p>\n","protected":false},"author":8,"featured_media":5141,"comment_status":"closed","ping_status":"open","sticky":false,"template":"","format":"standard","meta":{"ub_ctt_via":"","_mi_skip_tracking":false},"categories":[4],"tags":[],"featured_image_src":"https:\/\/www.messinaoggi.it\/website\/wp-content\/uploads\/2017\/07\/bus-atm-2.jpg","author_info":{"display_name":"red..me","author_link":"https:\/\/www.messinaoggi.it\/website\/author\/redstage\/"},"digistream_id":0,"digistream":false,"_links":{"self":[{"href":"https:\/\/www.messinaoggi.it\/website\/wp-json\/wp\/v2\/posts\/14123"}],"collection":[{"href":"https:\/\/www.messinaoggi.it\/website\/wp-json\/wp\/v2\/posts"}],"about":[{"href":"https:\/\/www.messinaoggi.it\/website\/wp-json\/wp\/v2\/types\/post"}],"author":[{"embeddable":true,"href":"https:\/\/www.messinaoggi.it\/website\/wp-json\/wp\/v2\/users\/8"}],"replies":[{"embeddable":true,"href":"https:\/\/www.messinaoggi.it\/website\/wp-json\/wp\/v2\/comments?post=14123"}],"version-history":[{"count":0,"href":"https:\/\/www.messinaoggi.it\/website\/wp-json\/wp\/v2\/posts\/14123\/revisions"}],"wp:featuredmedia":[{"embeddable":true,"href":"https:\/\/www.messinaoggi.it\/website\/wp-json\/wp\/v2\/media\/5141"}],"wp:attachment":[{"href":"https:\/\/www.messinaoggi.it\/website\/wp-json\/wp\/v2\/media?parent=14123"}],"wp:term":[{"taxonomy":"category","embeddable":true,"href":"https:\/\/www.messinaoggi.it\/website\/wp-json\/wp\/v2\/categories?post=14123"},{"taxonomy":"post_tag","embeddable":true,"href":"https:\/\/www.messinaoggi.it\/website\/wp-json\/wp\/v2\/tags?post=14123"}],"curies":[{"name":"wp","href":"https:\/\/api.w.org\/{rel}","templated":true}]}}