{"id":14120,"date":"2018-01-10T10:11:48","date_gmt":"2018-01-10T09:11:48","guid":{"rendered":"http:\/\/www.messinaoggi.it\/website\/?p=14120"},"modified":"2018-01-10T10:11:48","modified_gmt":"2018-01-10T09:11:48","slug":"asp-sirna-condannato-per-comportamento-antisindacale-assunzioni-a-rischio","status":"publish","type":"post","link":"https:\/\/www.messinaoggi.it\/website\/2018\/01\/10\/asp-sirna-condannato-per-comportamento-antisindacale-assunzioni-a-rischio\/","title":{"rendered":"Asp, Sirna condannato per comportamento antisindacale. Assunzioni a rischio"},"content":{"rendered":"<p>Gran pasticcio del manager <strong>Gaetano Sirna<\/strong> il quale \u00e8 stato condannato per comportamento antisindacale, su ricorso presentato dalla Uil-Fpl. Adesso sono a rischio le assunzioni operate dall&#8217;Asp di Messina.<br \/>\nInfatti, i<span class=\"s1\">l giudice del Lavoro del Tribunale di Messina, accogliendo il ricorso presentato dalla Uil-Fpl, ha ritenuto antisindacale il comportamento tenuto dal commissario straordinario dell\u2019Asp, <strong>Gaetano Sirna<\/strong>, in ordine alla mancata comunicazione alla parte sindacale da parte dell\u2019Ente, avente ad oggetto l\u2019adozione del piano triennale del fabbisogno del personale 2017-2019. In buona sostanza il dott. Sirna \u2013 secondo quanto si legge nel dispositivo della dott.ssa <strong>Graziella Bellino<\/strong>, avrebbe proceduto all\u2019adozione della relativa delibera senza darne preventiva comunicazione alla parte sindacale ricorrente, con la quale avrebbe dovuto concertare il Piano. Lo stesso giudice ha disposto la disapplicazione della delibera in oggetto con evidenti conseguenze che ne potranno derivare dall\u2019adozione del piano triennale che adesso dovr\u00e0 essere rivisto e, soprattutto, concertato con le parti sindacali. Il manager della Sanit\u00e0, Gaetano Sirna, \u00e8 stato anche condannato al pagamento delle spese processuali. <\/span><br \/>\n<span class=\"s1\">\u201c<em>Siamo soddisfatti per l\u2019accoglimento del nostro ricorso \u2013 afferma <strong>Pippo Calapai<\/strong>, segretario generale della Uil-Fpl di Messina \u2013 dal momento che da subito avevano riscontrato un evidente comportamento antisindacale da parte del dott. Sirna, il quale ha ritenuto opportuno procedere all\u2019azione del Piano senza tenere conto della parte sindacale con la quale avrebbe dovuto concertare l\u2019adozione del Piano<\/em>\u201d.<\/span><div id=\"div-gpt-ad-Messinaoggi.it-DSK-300x250-corpoart\" style=\"text-align:center;margin:0 auto;\"><\/div><\/p>\n<p class=\"p1\"><span class=\"s1\">La Uil-Fpl \u00e8 stata assistita dall\u2019avvocato <strong>Oreste Puglisi<\/strong> del Foro di Messina.<\/span><div id=\"videoincontent\" style=\"clear:both\";><\/div><\/p>\n","protected":false},"excerpt":{"rendered":"<p>Gran pasticcio del manager Gaetano Sirna il quale \u00e8 stato condannato per comportamento antisindacale, su ricorso presentato dalla Uil-Fpl. Adesso sono a rischio le assunzioni operate dall&#8217;Asp di Messina. Infatti, il giudice del Lavoro del Tribunale di Messina, accogliendo il ricorso presentato dalla Uil-Fpl, ha ritenuto antisindacale il comportamento tenuto dal commissario straordinario dell\u2019Asp, Gaetano [&hellip;]<\/p>\n","protected":false},"author":2,"featured_media":1986,"comment_status":"closed","ping_status":"open","sticky":false,"template":"","format":"standard","meta":{"ub_ctt_via":"","_mi_skip_tracking":false},"categories":[6],"tags":[],"featured_image_src":"https:\/\/www.messinaoggi.it\/website\/wp-content\/uploads\/2017\/06\/Picciolo-Sirna-Vullo-2-e1691069981269.jpg","author_info":{"display_name":"Redazione","author_link":"https:\/\/www.messinaoggi.it\/website\/author\/redazione\/"},"digistream_id":0,"digistream":false,"_links":{"self":[{"href":"https:\/\/www.messinaoggi.it\/website\/wp-json\/wp\/v2\/posts\/14120"}],"collection":[{"href":"https:\/\/www.messinaoggi.it\/website\/wp-json\/wp\/v2\/posts"}],"about":[{"href":"https:\/\/www.messinaoggi.it\/website\/wp-json\/wp\/v2\/types\/post"}],"author":[{"embeddable":true,"href":"https:\/\/www.messinaoggi.it\/website\/wp-json\/wp\/v2\/users\/2"}],"replies":[{"embeddable":true,"href":"https:\/\/www.messinaoggi.it\/website\/wp-json\/wp\/v2\/comments?post=14120"}],"version-history":[{"count":0,"href":"https:\/\/www.messinaoggi.it\/website\/wp-json\/wp\/v2\/posts\/14120\/revisions"}],"wp:featuredmedia":[{"embeddable":true,"href":"https:\/\/www.messinaoggi.it\/website\/wp-json\/wp\/v2\/media\/1986"}],"wp:attachment":[{"href":"https:\/\/www.messinaoggi.it\/website\/wp-json\/wp\/v2\/media?parent=14120"}],"wp:term":[{"taxonomy":"category","embeddable":true,"href":"https:\/\/www.messinaoggi.it\/website\/wp-json\/wp\/v2\/categories?post=14120"},{"taxonomy":"post_tag","embeddable":true,"href":"https:\/\/www.messinaoggi.it\/website\/wp-json\/wp\/v2\/tags?post=14120"}],"curies":[{"name":"wp","href":"https:\/\/api.w.org\/{rel}","templated":true}]}}