{"id":14102,"date":"2018-01-09T13:28:38","date_gmt":"2018-01-09T12:28:38","guid":{"rendered":"http:\/\/www.messinaoggi.it\/website\/?p=14102"},"modified":"2018-01-09T13:28:38","modified_gmt":"2018-01-09T12:28:38","slug":"ancora-cenere-alla-pascoli-i-genitori-portano-via-i-bambini-alagna-valuteremo-gli-interventi","status":"publish","type":"post","link":"https:\/\/www.messinaoggi.it\/website\/2018\/01\/09\/ancora-cenere-alla-pascoli-i-genitori-portano-via-i-bambini-alagna-valuteremo-gli-interventi\/","title":{"rendered":"Ancora cenere alla &quot;Pascoli&quot;, i genitori portano via i bambini. Alagna: &quot;Valuteremo gli interventi&quot;"},"content":{"rendered":"<p style=\"text-align: justify;\">E\u2019 durato davvero poco il ritorno alla normalit\u00e0 per i genitori e gli alunni della Pascoli-Crispi, costretti a fare un\u2019altra volta i conti con le conseguenze dell\u2019incendio che ha colpito una fotocopiatrice ad inizio dicembre.Dopo l\u2019animato tavolo tecnico della scorsa settimana per la seduta della commissione consiliare Lavori Pubblici, ieri il ritorno tra i banchi dopo la lunga sosta, fino a questa mattina.<div id=\"div-gpt-ad-Messinaoggi.it-DSK-300x250-corpoart\" style=\"text-align:center;margin:0 auto;\"><\/div><\/p>\n<p style=\"text-align: justify;\">L\u2019evidente presenza di polveri e cenere sui muri del primo piano della struttura, \u00e8 stata la causa del prelievo immediato dei bambini da parte dei genitori all\u2019inizio della giornata scolastica odierna. E dire che tutto sembrava ormai a posto, l\u2019Asp dopo l\u2019incendio si era soffermata sulla necessit\u00e0 di bonificare il seminterrato, mentre al primo piano bastava un intervento pi\u00f9 blando.<div id=\"videoincontent\" style=\"clear:both\";><\/div><\/p>\n<p style=\"text-align: justify;\">Gli interventi sono stati eseguiti da una ditta privata, cos\u00ec lo stesso Dipartimento all\u2019Edilizia Scolastica aveva dato il benestare affinch\u00e8 i bambini potessero tornare tra i banchi di scuola subito dopo le vacanze natalizie. A maggior ragione dopo che per settimane, le finestre dell\u2019istituto sono rimaste aperte per consentire agli ambienti di arieggiare.<\/p>\n<p style=\"text-align: justify;\">Un lavoro che evidentemente \u00e8 risultato inefficace, cos\u00ec sul posto \u00e8 dovuto intervenire l\u2019assessore alle Politiche Scolastiche, Federico Alagna: <em>&#8220;Il sopralluogo di questa mattina mi ha fatto ricredere su molte cose &#8211; ha commentato \u2013 credevo c\u2019erano i pareri tecnici che attestavano la non pericolosit\u00e0 degli ambienti. Mi sono recato sul posto insieme ad alcuni genitori e alla dottoressa Caruso dell\u2019Asp, successivamente mi confronter\u00f2 con il dirigente Ajello\u201d.<\/em><\/p>\n<p style=\"text-align: justify;\">Resta in dubbio l\u2019apertura della scuola: \u201c<em>Molto dipender\u00e0 dalla relazione dell\u2019Asp, se queste polveri possono essere eliminate con interventi non particolarmente invasivi non vedo il positivo per cui la scuola debba essere chiusa, altrimenti si agir\u00e0 di conseguenza. Il nostro unico obiettivo \u00e8 quello di rendere ambienti sicuri per i bambini\u201d. <\/em><\/p>\n","protected":false},"excerpt":{"rendered":"<p>E\u2019 durato davvero poco il ritorno alla normalit\u00e0 per i genitori e gli alunni della Pascoli-Crispi, costretti a fare un\u2019altra volta i conti con le conseguenze dell\u2019incendio che ha colpito una fotocopiatrice ad inizio dicembre.Dopo l\u2019animato tavolo tecnico della scorsa settimana per la seduta della commissione consiliare Lavori Pubblici, ieri il ritorno tra i banchi [&hellip;]<\/p>\n","protected":false},"author":1,"featured_media":13897,"comment_status":"closed","ping_status":"open","sticky":false,"template":"","format":"standard","meta":{"ub_ctt_via":"","_mi_skip_tracking":false},"categories":[6],"tags":[],"featured_image_src":"https:\/\/www.messinaoggi.it\/website\/wp-content\/uploads\/2018\/01\/incontro-scuola-pascoli-RRP_9087-1.jpg","author_info":{"display_name":"admin@admin.com","author_link":"https:\/\/www.messinaoggi.it\/website\/author\/adminadmin-com\/"},"digistream_id":0,"digistream":false,"_links":{"self":[{"href":"https:\/\/www.messinaoggi.it\/website\/wp-json\/wp\/v2\/posts\/14102"}],"collection":[{"href":"https:\/\/www.messinaoggi.it\/website\/wp-json\/wp\/v2\/posts"}],"about":[{"href":"https:\/\/www.messinaoggi.it\/website\/wp-json\/wp\/v2\/types\/post"}],"author":[{"embeddable":true,"href":"https:\/\/www.messinaoggi.it\/website\/wp-json\/wp\/v2\/users\/1"}],"replies":[{"embeddable":true,"href":"https:\/\/www.messinaoggi.it\/website\/wp-json\/wp\/v2\/comments?post=14102"}],"version-history":[{"count":0,"href":"https:\/\/www.messinaoggi.it\/website\/wp-json\/wp\/v2\/posts\/14102\/revisions"}],"wp:featuredmedia":[{"embeddable":true,"href":"https:\/\/www.messinaoggi.it\/website\/wp-json\/wp\/v2\/media\/13897"}],"wp:attachment":[{"href":"https:\/\/www.messinaoggi.it\/website\/wp-json\/wp\/v2\/media?parent=14102"}],"wp:term":[{"taxonomy":"category","embeddable":true,"href":"https:\/\/www.messinaoggi.it\/website\/wp-json\/wp\/v2\/categories?post=14102"},{"taxonomy":"post_tag","embeddable":true,"href":"https:\/\/www.messinaoggi.it\/website\/wp-json\/wp\/v2\/tags?post=14102"}],"curies":[{"name":"wp","href":"https:\/\/api.w.org\/{rel}","templated":true}]}}