{"id":14100,"date":"2018-01-09T12:06:50","date_gmt":"2018-01-09T11:06:50","guid":{"rendered":"http:\/\/www.messinaoggi.it\/website\/?p=14100"},"modified":"2018-01-09T12:06:50","modified_gmt":"2018-01-09T11:06:50","slug":"isola-pedonale-via-dei-mille-ci-sara-un-consiglio-straordinario","status":"publish","type":"post","link":"https:\/\/www.messinaoggi.it\/website\/2018\/01\/09\/isola-pedonale-via-dei-mille-ci-sara-un-consiglio-straordinario\/","title":{"rendered":"Isola pedonale via dei Mille, ci sar\u00e0 un consiglio straordinario"},"content":{"rendered":"<p style=\"text-align: justify\">L\u2019ufficio di Presidenza del Consiglio Comunale avr\u00e0 quindici giorni di tempo (a partire da oggi) per indire la seduta straordinaria, ma vista l\u2019urgenza potrebbe essere indetta entro ventiquattro ore.<div id=\"div-gpt-ad-Messinaoggi.it-DSK-300x250-corpoart\" style=\"text-align:center;margin:0 auto;\"><\/div><\/p>\n<div id=\"attachment_1723\" style=\"width: 310px\" class=\"wp-caption alignnone\"><img aria-describedby=\"caption-attachment-1723\" loading=\"lazy\" class=\"size-medium wp-image-1723\" src=\"http:\/\/www.messinaoggi.it\/website\/wp-content\/uploads\/2017\/06\/Fenech-300x200.jpg\" alt=\"\" width=\"300\" height=\"200\" \/><p id=\"caption-attachment-1723\" class=\"wp-caption-text\">La capogruppo di Cmdb Lucy Fenech<\/p><\/div>\n<p style=\"text-align: justify\">Questo per\u00f2 non cambia la sostanza delle cose, perch\u00e9 la discussione sull\u2019isola pedonale permanente n via dei Mille torner\u00e0 ad animare i banchi del civico consesso. Questo per iniziativa del capogruppo di Cambiamo Messina dal Basso, Lucy Fenech, che questa mattina ha presentato all\u2019ufficio Protocollo una richiesta per indire una seduta straordinaria e urgente.<div id=\"videoincontent\" style=\"clear:both\";><\/div><\/p>\n<p style=\"text-align: justify\">Secondo il Regolamento del Consiglio Comunale, la richiesta va supportata da almeno 8 firme dei consiglieri e la proposta della Fenech ha raccolto pareri positivi abbastanza trasversali tra i colleghi d\u2019aula. A firmare sono stati anche Libero Gioveni, Francesco Pagano, Cecilia Caccamo, Claudio Cardile, Giovanna Crif\u00f2, Gaetano Gennaro, Maurizio Rella, Ivana Risitano, Giuppi Siracusano, Santi Sorrenti, Benedetto Vaccarino e Daniele Zuccarello.<\/p>\n<p style=\"text-align: justify\">Quindi dopo il flop della settimana scorsa, con la relativa bocciatura da parte dell\u2019aula sul tentativo di prelievo della delibera da parte del Partito Democratico, l\u2019isola pedonale pi\u00f9 discussa torner\u00e0 a far parlare di s\u00e9. \u201c<em>Il nostro gruppo consiliare si \u00e8 fatto promotore di questa proposta \u2013 ha commentato Lucy Fenech \u2013 \u00e8 tempo di dare risposte alla citt\u00e0, ben venga la pedonalizzazione di via dei Mille ma \u00e8 possibile fare delle modifiche attraverso degli emendamenti. Intanto \u00e8 importante riaccendere il dibattito, la citt\u00e0 non pu\u00f2 pi\u00f9 aspettare\u201d.<\/em><\/p>\n","protected":false},"excerpt":{"rendered":"<p>L\u2019ufficio di Presidenza del Consiglio Comunale avr\u00e0 quindici giorni di tempo (a partire da oggi) per indire la seduta straordinaria, ma vista l\u2019urgenza potrebbe essere indetta entro ventiquattro ore. Questo per\u00f2 non cambia la sostanza delle cose, perch\u00e9 la discussione sull\u2019isola pedonale permanente n via dei Mille torner\u00e0 ad animare i banchi del civico consesso. [&hellip;]<\/p>\n","protected":false},"author":1,"featured_media":13921,"comment_status":"closed","ping_status":"open","sticky":false,"template":"","format":"standard","meta":{"ub_ctt_via":"","_mi_skip_tracking":false},"categories":[6],"tags":[],"featured_image_src":"https:\/\/www.messinaoggi.it\/website\/wp-content\/uploads\/2018\/01\/VIA-DEI-MILLE-1.jpg","author_info":{"display_name":"admin@admin.com","author_link":"https:\/\/www.messinaoggi.it\/website\/author\/adminadmin-com\/"},"digistream_id":0,"digistream":false,"_links":{"self":[{"href":"https:\/\/www.messinaoggi.it\/website\/wp-json\/wp\/v2\/posts\/14100"}],"collection":[{"href":"https:\/\/www.messinaoggi.it\/website\/wp-json\/wp\/v2\/posts"}],"about":[{"href":"https:\/\/www.messinaoggi.it\/website\/wp-json\/wp\/v2\/types\/post"}],"author":[{"embeddable":true,"href":"https:\/\/www.messinaoggi.it\/website\/wp-json\/wp\/v2\/users\/1"}],"replies":[{"embeddable":true,"href":"https:\/\/www.messinaoggi.it\/website\/wp-json\/wp\/v2\/comments?post=14100"}],"version-history":[{"count":0,"href":"https:\/\/www.messinaoggi.it\/website\/wp-json\/wp\/v2\/posts\/14100\/revisions"}],"wp:featuredmedia":[{"embeddable":true,"href":"https:\/\/www.messinaoggi.it\/website\/wp-json\/wp\/v2\/media\/13921"}],"wp:attachment":[{"href":"https:\/\/www.messinaoggi.it\/website\/wp-json\/wp\/v2\/media?parent=14100"}],"wp:term":[{"taxonomy":"category","embeddable":true,"href":"https:\/\/www.messinaoggi.it\/website\/wp-json\/wp\/v2\/categories?post=14100"},{"taxonomy":"post_tag","embeddable":true,"href":"https:\/\/www.messinaoggi.it\/website\/wp-json\/wp\/v2\/tags?post=14100"}],"curies":[{"name":"wp","href":"https:\/\/api.w.org\/{rel}","templated":true}]}}