{"id":140964,"date":"2023-02-08T09:03:00","date_gmt":"2023-02-08T08:03:00","guid":{"rendered":"https:\/\/www.messinaoggi.it\/website\/2023\/02\/08\/studente-palermitano-ferito-dopo-lancio-di-una-bici-5-fermati\/"},"modified":"2023-02-08T09:54:55","modified_gmt":"2023-02-08T08:54:55","slug":"studente-palermitano-ferito-dopo-lancio-di-una-bici-5-fermati","status":"publish","type":"post","link":"https:\/\/www.messinaoggi.it\/website\/2023\/02\/08\/studente-palermitano-ferito-dopo-lancio-di-una-bici-5-fermati\/","title":{"rendered":"Studente palermitano ferito dopo lancio di una bici, 5 fermati"},"content":{"rendered":"<div>\n<p>I Carabinieri del Nucleo Investigativo del Comando Provinciale di Torino, hanno eseguito un decreto di fermo di indiziato di delitto nei confronti di cinque giovani \u2013 due 18enni e tre minori tra i 15 e i 17 anni \u2013 dei quali 4 con precedenti di polizia, ritenuti gravemente indiziati di concorso in tentato omicidio. Le indagini sono state avviate dopo che nella tarda serata del 21 gennaio scorso, Mauro Glorioso, studente palermitano di 23 anni, \u00e8 stato colpito alla testa da una bicicletta elettrica di bike sharing, lanciata dalla balconata del Lungo Po Cadorna \u2013 Murazzi, mentre era in fila davanti alla discoteca The Beach.<br \/>\nIl 23enne \u00e8 ancora ricoverato, in terapia intensiva presso il CTO di Torino. Attraverso l\u2019analisi delle numerose testimonianze raccolte sul posto e nei giorni successivi, nonch\u00e9 la visione dei sistemi di videosorveglianza \u00e8 stato cos\u00ec possibile raccogliere gravi indizi di responsabilit\u00e0 a carico dei 5 indagati. I giovani, giunti presso il lungo Po Cadorna, dopo essersi affacciati dalla balconata, avrebbero preso la bici lanciandola senza apparente motivo, per poi dileguarsi. Nello sviluppo delle indagini molto prezioso \u00e8 stato il contributo fornito da alcuni giovani testimoni.<br \/>\n(ITALPRESS).<br \/>\n-foto ufficio stampa Carabinieri-<div id=\"div-gpt-ad-Messinaoggi.it-DSK-300x250-corpoart\" style=\"text-align:center;margin:0 auto;\"><\/div><\/p>\n<\/div>\n<div id=\"videoincontent\" style=\"clear:both\";><\/div>","protected":false},"excerpt":{"rendered":"<p>I Carabinieri del Nucleo Investigativo del Comando Provinciale di Torino, hanno eseguito un decreto di fermo di indiziato di delitto nei confronti di cinque giovani \u2013 due 18enni e tre minori tra i 15 e i 17 anni \u2013 dei quali 4 con precedenti di polizia, ritenuti gravemente indiziati di concorso in tentato omicidio. Le [&hellip;]<\/p>\n","protected":false},"author":18,"featured_media":140965,"comment_status":"closed","ping_status":"closed","sticky":false,"template":"","format":"standard","meta":{"ub_ctt_via":"","_mi_skip_tracking":false},"categories":[11,2449],"tags":[783],"featured_image_src":"https:\/\/www.messinaoggi.it\/website\/wp-content\/uploads\/2023\/02\/carabinieri-ufficiostampa1.jpg","author_info":{"display_name":"Admin","author_link":"https:\/\/www.messinaoggi.it\/website\/author\/admin\/"},"digistream_id":0,"digistream":false,"_links":{"self":[{"href":"https:\/\/www.messinaoggi.it\/website\/wp-json\/wp\/v2\/posts\/140964"}],"collection":[{"href":"https:\/\/www.messinaoggi.it\/website\/wp-json\/wp\/v2\/posts"}],"about":[{"href":"https:\/\/www.messinaoggi.it\/website\/wp-json\/wp\/v2\/types\/post"}],"author":[{"embeddable":true,"href":"https:\/\/www.messinaoggi.it\/website\/wp-json\/wp\/v2\/users\/18"}],"replies":[{"embeddable":true,"href":"https:\/\/www.messinaoggi.it\/website\/wp-json\/wp\/v2\/comments?post=140964"}],"version-history":[{"count":1,"href":"https:\/\/www.messinaoggi.it\/website\/wp-json\/wp\/v2\/posts\/140964\/revisions"}],"predecessor-version":[{"id":140968,"href":"https:\/\/www.messinaoggi.it\/website\/wp-json\/wp\/v2\/posts\/140964\/revisions\/140968"}],"wp:featuredmedia":[{"embeddable":true,"href":"https:\/\/www.messinaoggi.it\/website\/wp-json\/wp\/v2\/media\/140965"}],"wp:attachment":[{"href":"https:\/\/www.messinaoggi.it\/website\/wp-json\/wp\/v2\/media?parent=140964"}],"wp:term":[{"taxonomy":"category","embeddable":true,"href":"https:\/\/www.messinaoggi.it\/website\/wp-json\/wp\/v2\/categories?post=140964"},{"taxonomy":"post_tag","embeddable":true,"href":"https:\/\/www.messinaoggi.it\/website\/wp-json\/wp\/v2\/tags?post=140964"}],"curies":[{"name":"wp","href":"https:\/\/api.w.org\/{rel}","templated":true}]}}