{"id":140950,"date":"2023-02-08T07:30:54","date_gmt":"2023-02-08T06:30:54","guid":{"rendered":"http:\/\/www.messinaoggi.it\/website\/?p=140950"},"modified":"2023-02-07T22:05:46","modified_gmt":"2023-02-07T21:05:46","slug":"milleproroghe-siracusano-ok-al-risanamento-entro-il-2024","status":"publish","type":"post","link":"https:\/\/www.messinaoggi.it\/website\/2023\/02\/08\/milleproroghe-siracusano-ok-al-risanamento-entro-il-2024\/","title":{"rendered":"Milleproroghe, Siracusano: &#8220;Ok al risanamento entro il 2024&#8221;"},"content":{"rendered":"\n<p>Il risanamento di Messina sar\u00e0 completato entro il 2024. A renderlo noto \u00e8 il sottosegretario ai Rapporti con il Parlamento, la messinese Matilde Siracusano, spiegando che tale decisione \u00e8 stata presa dal governo attraverso un emendamento, gi\u00e0 approvato dalle Commissioni Affari costituzionali e Bilancio del Senato, durante i lavori di conversione in legge del decreto Milleproroghe.<div id=\"div-gpt-ad-Messinaoggi.it-DSK-300x250-corpoart\" style=\"text-align:center;margin:0 auto;\"><\/div><\/p>\n\n\n\n<p>\u201cIl decreto Milleproroghe &#8211; spiega Siracusano &#8211; ha gi\u00e0 previsto che il commissario per il risanamento della citt\u00e0 di Messina sia il presidente della Regione Siciliana, Renato Schifani.\u00a0Adesso, con questa nuova modifica migliorativa del testo, si introduce la figura del subcommissario &#8211; che verr\u00e0 nominato dal commissario &#8211; e si proroga il commissariamento fino alla fine del 2024. <div id=\"videoincontent\" style=\"clear:both\";><\/div><\/p>\n\n\n\n<p>&#8220;Altro importante cambiamento riguarda il ricollocamento delle persone che attualmente ancora vivono nelle baraccopoli. Il commissario Renato Schifani potr\u00e0 utilizzare risorse finanziarie, acquisite anche attraverso altri bandi, non solo per la costruzione di nuovi mini quartieri &#8211; che a lungo andare rischierebbero di trasformarsi in piccoli ghetti &#8211; ma soprattutto per acquistare alloggi sul libero mercato e trovare dunque pi\u00f9 velocemente una sistemazione per tante famiglie disagiate.\u00c8 una battaglia difficile, per la quale mi sto impegnando da anni, e sono felice che il governo nazionale e regionale abbiamo sposato questa causa. <\/p>\n\n\n\n<p>&#8220;\u00c8 una sfida da vincere tutti insieme per la citt\u00e0 di Messina e per ridare dignit\u00e0 a migliaia di messinesi che dopo una vita ai margini meritano una seconda occasione\u201d.<\/p>\n","protected":false},"excerpt":{"rendered":"<p>Il risanamento di Messina sar\u00e0 completato entro il 2024. A renderlo noto \u00e8 il sottosegretario ai Rapporti con il Parlamento, la messinese Matilde Siracusano, spiegando che tale decisione \u00e8 stata presa dal governo attraverso un emendamento, gi\u00e0 approvato dalle Commissioni Affari costituzionali e Bilancio del Senato, durante i lavori di conversione in legge del decreto [&hellip;]<\/p>\n","protected":false},"author":8,"featured_media":22849,"comment_status":"open","ping_status":"open","sticky":false,"template":"","format":"standard","meta":{"ub_ctt_via":"","_mi_skip_tracking":false},"categories":[6],"tags":[642],"featured_image_src":"https:\/\/www.messinaoggi.it\/website\/wp-content\/uploads\/2018\/08\/baracche-Messina-tetti-messinaoggiMR-1.jpg","author_info":{"display_name":"red..me","author_link":"https:\/\/www.messinaoggi.it\/website\/author\/redstage\/"},"digistream_id":0,"digistream":false,"_links":{"self":[{"href":"https:\/\/www.messinaoggi.it\/website\/wp-json\/wp\/v2\/posts\/140950"}],"collection":[{"href":"https:\/\/www.messinaoggi.it\/website\/wp-json\/wp\/v2\/posts"}],"about":[{"href":"https:\/\/www.messinaoggi.it\/website\/wp-json\/wp\/v2\/types\/post"}],"author":[{"embeddable":true,"href":"https:\/\/www.messinaoggi.it\/website\/wp-json\/wp\/v2\/users\/8"}],"replies":[{"embeddable":true,"href":"https:\/\/www.messinaoggi.it\/website\/wp-json\/wp\/v2\/comments?post=140950"}],"version-history":[{"count":1,"href":"https:\/\/www.messinaoggi.it\/website\/wp-json\/wp\/v2\/posts\/140950\/revisions"}],"predecessor-version":[{"id":140951,"href":"https:\/\/www.messinaoggi.it\/website\/wp-json\/wp\/v2\/posts\/140950\/revisions\/140951"}],"wp:featuredmedia":[{"embeddable":true,"href":"https:\/\/www.messinaoggi.it\/website\/wp-json\/wp\/v2\/media\/22849"}],"wp:attachment":[{"href":"https:\/\/www.messinaoggi.it\/website\/wp-json\/wp\/v2\/media?parent=140950"}],"wp:term":[{"taxonomy":"category","embeddable":true,"href":"https:\/\/www.messinaoggi.it\/website\/wp-json\/wp\/v2\/categories?post=140950"},{"taxonomy":"post_tag","embeddable":true,"href":"https:\/\/www.messinaoggi.it\/website\/wp-json\/wp\/v2\/tags?post=140950"}],"curies":[{"name":"wp","href":"https:\/\/api.w.org\/{rel}","templated":true}]}}