{"id":140920,"date":"2023-02-07T19:32:50","date_gmt":"2023-02-07T18:32:50","guid":{"rendered":"https:\/\/www.messinaoggi.it\/website\/2023\/02\/07\/micciche-a-schifani-la-detesto-fi-ars-non-sa-come-cercare-ribalta\/"},"modified":"2023-02-07T19:32:50","modified_gmt":"2023-02-07T18:32:50","slug":"micciche-a-schifani-la-detesto-fi-ars-non-sa-come-cercare-ribalta","status":"publish","type":"post","link":"https:\/\/www.messinaoggi.it\/website\/2023\/02\/07\/micciche-a-schifani-la-detesto-fi-ars-non-sa-come-cercare-ribalta\/","title":{"rendered":"Miccich\u00e8 a Schifani \u201cLa detesto\u201d, Fi Ars \u201cNon sa come cercare ribalta\u201d"},"content":{"rendered":"<div>\n<p>PALERMO (ITALPRESS)  \u201cVede presidente Schifani? Io sono contento, perch\u00e8 il lavoro che ho fatto assieme ad altri per cambiare il presidente della Regione della passata legislatura mi d\u00e0 ragione. Adesso c\u2019\u00e8 un altro stile, un altro metodo. Voi parlate con l\u2019Aula, cosa che prima non c\u2019era. Prima c\u2019era solo odio nei confronti dell\u2019Aula. Quantomeno ora si dialoga\u201d. Lo ha detto Gianfranco Miccich\u00e8, ex presidente dell\u2019Ars e deputato del gruppo Misto, rivolgendosi in Aula al presidente della Regione, Renato Schifani.  <br \/>\u201cC\u2019\u00e8 da dire che la vittoria di questo governo nasce dalla sconfitta delle opposizioni, che hanno ceduto per qualche richiesta che serviva ai loro deputati. Non si sono portati a casa nessuna riforma, nessuna promessa di quelle fatte durante le elezioni, ma non c\u2019\u00e8 pi\u00f9 l\u2019arroganza di prima \u2013 continua Miccich\u00e8 \u2013 Per me questo \u00e8 importante. Oggi allo specchio mi sento soddisfatto. Questo, per\u00f2, non significa che adoro Schifani. No, io lo detesto, perch\u00e8 mi sono sentito tradito. Non da Falcone che ha vinto una battaglia contro di me. Ma da Schifani\u201d. <br \/>\u201cQuesto per\u00f2 ai siciliani non interessa. Io penso solo al bene della Sicilia e spero che questo governo prosegua positivamente nel suo cammino. Certo, presidente Schifani: tanti sono stati traditi dalla storia. A partire da Ges\u00f9. Ma io sono certo che, alla fine della storia, Bruto sar\u00e0 sempre lei, presidente, e io Giulio Cesare\u201d. <br \/>A commentare le parole di Gianfranco Miccich\u00e8 i deputati regionali di Forza Italia all\u2019ARS: \u201cIn una seduta d\u2019Aula dedicata ad affrontare e risolvere i problemi della Sicilia e in un importante clima di dialogo e costruttivo confronto fra tutte le parti politiche, l\u2019unica nota stonata viene ancora una volta dall\u2019onorevole Miccich\u00e8 che non sa pi\u00f9 come cercare la ribalta e, purtroppo per lui, lo fa sempre pi\u00f9 oltrepassando i limiti<br \/>della volgarit\u00e0, e scadendo nel ridicolo\u201d. <div id=\"div-gpt-ad-Messinaoggi.it-DSK-300x250-corpoart\" style=\"text-align:center;margin:0 auto;\"><\/div><\/p>\n<p>\u2013 foto: \/Italpress <div id=\"videoincontent\" style=\"clear:both\";><\/div><\/p>\n<p>(ITALPRESS).<\/p>\n<\/div>\n","protected":false},"excerpt":{"rendered":"<p>PALERMO (ITALPRESS) \u201cVede presidente Schifani? Io sono contento, perch\u00e8 il lavoro che ho fatto assieme ad altri per cambiare il presidente della Regione della passata legislatura mi d\u00e0 ragione. Adesso c\u2019\u00e8 un altro stile, un altro metodo. Voi parlate con l\u2019Aula, cosa che prima non c\u2019era. Prima c\u2019era solo odio nei confronti dell\u2019Aula. Quantomeno ora [&hellip;]<\/p>\n","protected":false},"author":18,"featured_media":140921,"comment_status":"closed","ping_status":"closed","sticky":false,"template":"","format":"standard","meta":{"ub_ctt_via":"","_mi_skip_tracking":false},"categories":[2449],"tags":[783],"featured_image_src":"https:\/\/www.messinaoggi.it\/website\/wp-content\/uploads\/2023\/02\/20230207_1747.jpg","author_info":{"display_name":"Admin","author_link":"https:\/\/www.messinaoggi.it\/website\/author\/admin\/"},"digistream_id":0,"digistream":false,"_links":{"self":[{"href":"https:\/\/www.messinaoggi.it\/website\/wp-json\/wp\/v2\/posts\/140920"}],"collection":[{"href":"https:\/\/www.messinaoggi.it\/website\/wp-json\/wp\/v2\/posts"}],"about":[{"href":"https:\/\/www.messinaoggi.it\/website\/wp-json\/wp\/v2\/types\/post"}],"author":[{"embeddable":true,"href":"https:\/\/www.messinaoggi.it\/website\/wp-json\/wp\/v2\/users\/18"}],"replies":[{"embeddable":true,"href":"https:\/\/www.messinaoggi.it\/website\/wp-json\/wp\/v2\/comments?post=140920"}],"version-history":[{"count":0,"href":"https:\/\/www.messinaoggi.it\/website\/wp-json\/wp\/v2\/posts\/140920\/revisions"}],"wp:featuredmedia":[{"embeddable":true,"href":"https:\/\/www.messinaoggi.it\/website\/wp-json\/wp\/v2\/media\/140921"}],"wp:attachment":[{"href":"https:\/\/www.messinaoggi.it\/website\/wp-json\/wp\/v2\/media?parent=140920"}],"wp:term":[{"taxonomy":"category","embeddable":true,"href":"https:\/\/www.messinaoggi.it\/website\/wp-json\/wp\/v2\/categories?post=140920"},{"taxonomy":"post_tag","embeddable":true,"href":"https:\/\/www.messinaoggi.it\/website\/wp-json\/wp\/v2\/tags?post=140920"}],"curies":[{"name":"wp","href":"https:\/\/api.w.org\/{rel}","templated":true}]}}