{"id":140884,"date":"2023-02-07T16:02:51","date_gmt":"2023-02-07T15:02:51","guid":{"rendered":"https:\/\/www.messinaoggi.it\/website\/2023\/02\/07\/lagalla-incontra-il-corpo-consolare-di-palermo-realizzare-la-casa-delle-nazioni\/"},"modified":"2023-02-07T16:02:51","modified_gmt":"2023-02-07T15:02:51","slug":"lagalla-incontra-il-corpo-consolare-di-palermo-realizzare-la-casa-delle-nazioni","status":"publish","type":"post","link":"https:\/\/www.messinaoggi.it\/website\/2023\/02\/07\/lagalla-incontra-il-corpo-consolare-di-palermo-realizzare-la-casa-delle-nazioni\/","title":{"rendered":"Lagalla incontra il Corpo Consolare di Palermo \u201cRealizzare la Casa delle Nazioni\u201d"},"content":{"rendered":"<div>\n<p>PALERMO (ITALPRESS) \u2013 \u201cLavorare in sinergia per costruire una presenza visibile delle comunit\u00e0 straniere in citt\u00e0\u201d. E\u2019 questo il fil rouge dell\u2019incontro che si \u00e8 tenuto a Palazzo delle Aquile tra il corpo consolare di Palermo e il sindaco Roberto Lagalla.<br \/>\u201cIl primo passo \u2013 si legge in una nota del Comune \u2013 di un cammino che mira ad incentivare scambi e gemellaggi sul piano istituzionale ma che allo stesso tempo punta all\u2019organizzazione di eventi aperti alla citt\u00e0 in cui le comunit\u00e0 straniere potranno raccontarsi. Cultura, tradizioni, costumi e contaminazioni culinarie saranno al centro di una rassegna di iniziative da inserire nel lungo anno di manifestazioni per celebrare l\u2019edizione numero 400 del festino di Santa Rosalia nel 2024. Un omaggio delle rappresentanze straniere alla citt\u00e0 e alla sua Santa protettrice\u201d. <br \/>\u201cInizia un dialogo con l\u2019amministrazione comunale che ha come obiettivo lo sviluppo di sinergie culturali ed imprenditoriali \u2013 ha spiegato il decano del corpo consolare e console della Costa d\u2019Avorio, Ferdinando Veneziani \u2013 un percorso che porter\u00e0 al coinvolgimento di diversi attori della societ\u00e0 civile e che punter\u00e0 al consolidamento della presenza delle rappresentanze straniere in citt\u00e0\u201d.<br \/>Primo atto di questa collaborazione tra comune e corpo consolare sar\u00e0 proprio la firma di un accordo quadro. \u201cLavoreremo per la creazione di rapporti strutturati tra i diversi consolati e l\u2019amministrazione comunale al fine di incentivare e far crescere un\u2019idea chiave per lo sviluppo internazionale della nostra Palermo: quella di diplomazia delle citt\u00e0 \u2013 ha spiegato il sindaco Roberto Lagalla \u2013 vogliamo fare in modo che la presenza dei consolati sia visibile e concreta. L\u2019ambizione \u00e8 quella di realizzare una \u2018Casa delle Nazion\u00ec, uno spazio a disposizione di tutte le rappresentanze straniere in citt\u00e0, in un futuro non molto lontano\u201d.<br \/>All\u2019incontro erano presenti l\u2019assessore Maurizio Carta e i rappresentanti dei diversi paesi: Rosalia Calamita per il Brasile, Sebastiano Provenzano per Cipro, Alfredo Nocera per la Repubblica Ceca, Antonio Di Fresco per la Corea del Sud, Maria Carolina Maddalena Castellucci per la Danimarca, Antonello Miranda per l\u2019Estonia, Francesco Salerno Cardillo per la Francia, Francesco Campagna per il Ghana, Alessandro Palmigiano per la Lituania, Federico Cosenz per il Lussemburgo, Davide Farina per la Polonia, Sergey Patronov per la Russia e Gabriele Messina per lo Zambia. <br \/>foto ufficio stampa Comune di Palermo<br \/>(ITALPRESS).<div id=\"div-gpt-ad-Messinaoggi.it-DSK-300x250-corpoart\" style=\"text-align:center;margin:0 auto;\"><\/div><\/p>\n<\/div>\n<div id=\"videoincontent\" style=\"clear:both\";><\/div>","protected":false},"excerpt":{"rendered":"<p>PALERMO (ITALPRESS) \u2013 \u201cLavorare in sinergia per costruire una presenza visibile delle comunit\u00e0 straniere in citt\u00e0\u201d. E\u2019 questo il fil rouge dell\u2019incontro che si \u00e8 tenuto a Palazzo delle Aquile tra il corpo consolare di Palermo e il sindaco Roberto Lagalla.\u201cIl primo passo \u2013 si legge in una nota del Comune \u2013 di un cammino [&hellip;]<\/p>\n","protected":false},"author":18,"featured_media":140885,"comment_status":"closed","ping_status":"closed","sticky":false,"template":"","format":"standard","meta":{"ub_ctt_via":"","_mi_skip_tracking":false},"categories":[2449],"tags":[783],"featured_image_src":"https:\/\/www.messinaoggi.it\/website\/wp-content\/uploads\/2023\/02\/20230207_1156.jpg","author_info":{"display_name":"Admin","author_link":"https:\/\/www.messinaoggi.it\/website\/author\/admin\/"},"digistream_id":0,"digistream":false,"_links":{"self":[{"href":"https:\/\/www.messinaoggi.it\/website\/wp-json\/wp\/v2\/posts\/140884"}],"collection":[{"href":"https:\/\/www.messinaoggi.it\/website\/wp-json\/wp\/v2\/posts"}],"about":[{"href":"https:\/\/www.messinaoggi.it\/website\/wp-json\/wp\/v2\/types\/post"}],"author":[{"embeddable":true,"href":"https:\/\/www.messinaoggi.it\/website\/wp-json\/wp\/v2\/users\/18"}],"replies":[{"embeddable":true,"href":"https:\/\/www.messinaoggi.it\/website\/wp-json\/wp\/v2\/comments?post=140884"}],"version-history":[{"count":0,"href":"https:\/\/www.messinaoggi.it\/website\/wp-json\/wp\/v2\/posts\/140884\/revisions"}],"wp:featuredmedia":[{"embeddable":true,"href":"https:\/\/www.messinaoggi.it\/website\/wp-json\/wp\/v2\/media\/140885"}],"wp:attachment":[{"href":"https:\/\/www.messinaoggi.it\/website\/wp-json\/wp\/v2\/media?parent=140884"}],"wp:term":[{"taxonomy":"category","embeddable":true,"href":"https:\/\/www.messinaoggi.it\/website\/wp-json\/wp\/v2\/categories?post=140884"},{"taxonomy":"post_tag","embeddable":true,"href":"https:\/\/www.messinaoggi.it\/website\/wp-json\/wp\/v2\/tags?post=140884"}],"curies":[{"name":"wp","href":"https:\/\/api.w.org\/{rel}","templated":true}]}}