{"id":140826,"date":"2023-02-07T09:21:05","date_gmt":"2023-02-07T08:21:05","guid":{"rendered":"http:\/\/www.messinaoggi.it\/website\/?p=140826"},"modified":"2023-02-07T09:21:06","modified_gmt":"2023-02-07T08:21:06","slug":"ct-stop-allamministrazione-giudiziaria","status":"publish","type":"post","link":"https:\/\/www.messinaoggi.it\/website\/2023\/02\/07\/ct-stop-allamministrazione-giudiziaria\/","title":{"rendered":"C&#038;T: stop all&#8217;amministrazione giudiziaria"},"content":{"rendered":"\n<p>Il controllo della &#8220;Caronte&amp;Tourist&#8221; torna nelle mani degli imprenditori messinesi. Il Tribunale di Reggio Calabria, dopo due anni, ha comunicato la cessazione del regime di controllo della societ\u00e0 armatoriale.<div id=\"div-gpt-ad-Messinaoggi.it-DSK-300x250-corpoart\" style=\"text-align:center;margin:0 auto;\"><\/div><\/p>\n\n\n\n<p>Si \u00e8 scritta cos\u00ec la parola fine all&#8217;amministrazione giudiziaria dopo che la Procura di Reggio Calabria aveva sospettato delle &#8220;infiltrazioni&#8221; nel sodalizio siculo-calabrese, che gestisce il servizio di trasporti privati nello Stretto di Messina.<div id=\"videoincontent\" style=\"clear:both\";><\/div><\/p>\n\n\n\n<p>E&#8217; stata la stessa Procura a richiedere la sospensione dell&#8217;amministrazione giudiziaria dopo che sono state escluse possibili &#8220;infiltrazioni&#8221; da parte delle organizzazioni criminali calabresi.<\/p>\n\n\n\n<p><\/p>\n","protected":false},"excerpt":{"rendered":"<p>Il controllo della &#8220;Caronte&amp;Tourist&#8221; torna nelle mani degli imprenditori messinesi. Il Tribunale di Reggio Calabria, dopo due anni, ha comunicato la cessazione del regime di controllo della societ\u00e0 armatoriale. Si \u00e8 scritta cos\u00ec la parola fine all&#8217;amministrazione giudiziaria dopo che la Procura di Reggio Calabria aveva sospettato delle &#8220;infiltrazioni&#8221; nel sodalizio siculo-calabrese, che gestisce il [&hellip;]<\/p>\n","protected":false},"author":2,"featured_media":304,"comment_status":"open","ping_status":"open","sticky":false,"template":"","format":"standard","meta":{"ub_ctt_via":"","_mi_skip_tracking":false},"categories":[5],"tags":[6624,146,1835],"featured_image_src":"https:\/\/www.messinaoggi.it\/website\/wp-content\/uploads\/2017\/05\/vincenzo-franza-e-tiziano-minuti-messinaoggi-2.jpg","author_info":{"display_name":"Redazione","author_link":"https:\/\/www.messinaoggi.it\/website\/author\/redazione\/"},"digistream_id":0,"digistream":false,"_links":{"self":[{"href":"https:\/\/www.messinaoggi.it\/website\/wp-json\/wp\/v2\/posts\/140826"}],"collection":[{"href":"https:\/\/www.messinaoggi.it\/website\/wp-json\/wp\/v2\/posts"}],"about":[{"href":"https:\/\/www.messinaoggi.it\/website\/wp-json\/wp\/v2\/types\/post"}],"author":[{"embeddable":true,"href":"https:\/\/www.messinaoggi.it\/website\/wp-json\/wp\/v2\/users\/2"}],"replies":[{"embeddable":true,"href":"https:\/\/www.messinaoggi.it\/website\/wp-json\/wp\/v2\/comments?post=140826"}],"version-history":[{"count":1,"href":"https:\/\/www.messinaoggi.it\/website\/wp-json\/wp\/v2\/posts\/140826\/revisions"}],"predecessor-version":[{"id":140827,"href":"https:\/\/www.messinaoggi.it\/website\/wp-json\/wp\/v2\/posts\/140826\/revisions\/140827"}],"wp:featuredmedia":[{"embeddable":true,"href":"https:\/\/www.messinaoggi.it\/website\/wp-json\/wp\/v2\/media\/304"}],"wp:attachment":[{"href":"https:\/\/www.messinaoggi.it\/website\/wp-json\/wp\/v2\/media?parent=140826"}],"wp:term":[{"taxonomy":"category","embeddable":true,"href":"https:\/\/www.messinaoggi.it\/website\/wp-json\/wp\/v2\/categories?post=140826"},{"taxonomy":"post_tag","embeddable":true,"href":"https:\/\/www.messinaoggi.it\/website\/wp-json\/wp\/v2\/tags?post=140826"}],"curies":[{"name":"wp","href":"https:\/\/api.w.org\/{rel}","templated":true}]}}