{"id":14082,"date":"2018-01-09T09:03:07","date_gmt":"2018-01-09T08:03:07","guid":{"rendered":"http:\/\/www.messinaoggi.it\/website\/?p=14082"},"modified":"2018-01-09T09:03:07","modified_gmt":"2018-01-09T08:03:07","slug":"accorinti-e-co-recidivi-la-corte-dei-conti-li-ha-bocciati-altre-volte","status":"publish","type":"post","link":"https:\/\/www.messinaoggi.it\/website\/2018\/01\/09\/accorinti-e-co-recidivi-la-corte-dei-conti-li-ha-bocciati-altre-volte\/","title":{"rendered":"Accorinti e co. &quot;recidivi&quot;, la Corte dei Conti li ha bocciati altre volte"},"content":{"rendered":"<p style=\"text-align: justify;\">Chiamatela pure sfortuna o coincidenza, ma i rapporti tra questa amministrazione e la Corte dei Conti non sono mai stati idilliaci. Anzi, \u00e8 gi\u00e0 capitato in passato che l\u2019organo contabile inviasse al Comune documenti dal contenuto piuttosto netto e pesante, che bocciavano nettamente le politiche economiche dell\u2019amministrazione, annientando cos\u00ec ogni spiraglio di ripresa.<div id=\"div-gpt-ad-Messinaoggi.it-DSK-300x250-corpoart\" style=\"text-align:center;margin:0 auto;\"><\/div><\/p>\n<p style=\"text-align: justify;\">Cos\u00ec toccava all\u2019assessore di turno gettare acqua sul fuoco, spiegando come \u00a0la Corte dei Conti abbia commentato uno scenario passato rispetto a quello presente decisamente pi\u00f9 roseo. Esattamente ci\u00f2 che \u00e8 accaduto adesso, perch\u00e9 con la relazione pubblicata il 28 dicembre scorso, la Corte dei Conti ha riscontrato pericolose crepe nel bilancio Consuntivo 2015, nel Previsionale 2016-18, ma soprattutto ha mostrato parecchi dubbi su un Piano di Riequilibrio di cui ancora si aspetta il parere definitivo del Ministero, ma anche sulla sostenibilit\u00e0 del piano concordatario di Messinambiente.<div id=\"videoincontent\" style=\"clear:both\";><\/div><\/p>\n<p style=\"text-align: justify;\">Parole che fanno pi\u00f9 male di una coltellata e che colpiscono i pilastri delle politiche economiche della Giunta Accorinti. Cuzzola dal canto suo ha vestito i panni del pompiere, per l\u2019assessore la Corte dei Conti si \u00e8 espressa su documenti passati che non rispecchiano una pi\u00f9 rosea situazione attuale. Peccato, per\u00f2, che a sentire i suoi predecessori in questa situazione<em> \u201crosea\u201d<\/em> il Comune si troverebbe gi\u00e0 da tempo.<\/p>\n<p style=\"text-align: justify;\">E dire che gi\u00e0 a fine giugno 2015, l\u2019ex assessore al Bilancio, Guido Signorino, salut\u00f2 trionfalmente l\u2019approvazione in Giunta del Consuntivo 2014, <em>\u201cTornano in attivo dopo tre anni consecutivi di \u201drosso\u201d \u00a0i conti del Comune. Da -3,3 milioni nel 2011, -2,4 milioni nel 2012, -2 milioni nel 2013, il bilancio passa a un saldo attivo per + di 9,9 milioni nel 2014 di avanzo \u201dlibero\u201d.<\/em><\/p>\n<p style=\"text-align: justify;\">Lo stesso assessore chiarir\u00e0 che quei conti non tenevano conto del peso (davvero notevole) delle societ\u00e0 partecipate. Anche il sindaco parl\u00f2 di quel documento contabile come della \u201ccerniera tra passato e futuro\u201d, visto che documentava il primo vero anno di amministrazione dal basso. \u00a0Ma come una doccia fredda ecco che l\u20191 aprile 2016 la Corte dei Conti, sempre lei, decide di tirare davvero un brutto scherzo all\u2019amministrazione. Da Palermo giunge un documento che non solo boccia il Consuntivo 2014, ma parla anche di crisi cronica ed irreversibile del Comune.<\/p>\n<p style=\"text-align: justify;\">Una doccia gelata che non altera il self control dall\u2019amministrazione, visto che per lo stesso Signorino e il Segretario Generale, Antonio Le Donne, quella scattata dalla Corte dei Conti non \u00e8 nient\u2019altro che <em>\u201cuna fotografia ingiallita del passato, perch\u00e9 adesso la situazione \u00e8 diversa<\/em>\u201d.<\/p>\n<p style=\"text-align: justify;\">2 aprile 2016. A giudicare l\u2019ennesima mazzata arrivata da Palermo questo cambio di marcia non sembra esserci stato, Cuzzola dice che la Corte dei Conti parla di situazioni pregresse che non rispecchiano l\u2019attuale situazione dell\u2019ente, peccato per\u00f2 che almeno a parole il Comune sarebbe dovuto uscire dalle sabbie mobili almeno da due anni. In questo tempo invece si \u00e8 continuato a giocare col fuoco, approvando atti finanziari per il rotto della cuffia per poi andare a sbattere inesorabilmente contro i pareri dell\u2019organo tecnico competente, la Corte dei Conti.<\/p>\n","protected":false},"excerpt":{"rendered":"<p>Chiamatela pure sfortuna o coincidenza, ma i rapporti tra questa amministrazione e la Corte dei Conti non sono mai stati idilliaci. Anzi, \u00e8 gi\u00e0 capitato in passato che l\u2019organo contabile inviasse al Comune documenti dal contenuto piuttosto netto e pesante, che bocciavano nettamente le politiche economiche dell\u2019amministrazione, annientando cos\u00ec ogni spiraglio di ripresa. Cos\u00ec toccava [&hellip;]<\/p>\n","protected":false},"author":1,"featured_media":6897,"comment_status":"closed","ping_status":"open","sticky":false,"template":"","format":"standard","meta":{"ub_ctt_via":"","_mi_skip_tracking":false},"categories":[6],"tags":[],"featured_image_src":"https:\/\/www.messinaoggi.it\/website\/wp-content\/uploads\/2017\/08\/accorinti-signorino-messinaoggi-2.jpg","author_info":{"display_name":"admin@admin.com","author_link":"https:\/\/www.messinaoggi.it\/website\/author\/adminadmin-com\/"},"digistream_id":0,"digistream":false,"_links":{"self":[{"href":"https:\/\/www.messinaoggi.it\/website\/wp-json\/wp\/v2\/posts\/14082"}],"collection":[{"href":"https:\/\/www.messinaoggi.it\/website\/wp-json\/wp\/v2\/posts"}],"about":[{"href":"https:\/\/www.messinaoggi.it\/website\/wp-json\/wp\/v2\/types\/post"}],"author":[{"embeddable":true,"href":"https:\/\/www.messinaoggi.it\/website\/wp-json\/wp\/v2\/users\/1"}],"replies":[{"embeddable":true,"href":"https:\/\/www.messinaoggi.it\/website\/wp-json\/wp\/v2\/comments?post=14082"}],"version-history":[{"count":0,"href":"https:\/\/www.messinaoggi.it\/website\/wp-json\/wp\/v2\/posts\/14082\/revisions"}],"wp:featuredmedia":[{"embeddable":true,"href":"https:\/\/www.messinaoggi.it\/website\/wp-json\/wp\/v2\/media\/6897"}],"wp:attachment":[{"href":"https:\/\/www.messinaoggi.it\/website\/wp-json\/wp\/v2\/media?parent=14082"}],"wp:term":[{"taxonomy":"category","embeddable":true,"href":"https:\/\/www.messinaoggi.it\/website\/wp-json\/wp\/v2\/categories?post=14082"},{"taxonomy":"post_tag","embeddable":true,"href":"https:\/\/www.messinaoggi.it\/website\/wp-json\/wp\/v2\/tags?post=14082"}],"curies":[{"name":"wp","href":"https:\/\/api.w.org\/{rel}","templated":true}]}}