{"id":140792,"date":"2023-02-07T00:07:56","date_gmt":"2023-02-06T23:07:56","guid":{"rendered":"https:\/\/www.messinaoggi.it\/website\/2023\/02\/06\/energia-meloni-in-tempi-brevi-piano-per-rinnovabili-e-calo-consumi\/"},"modified":"2023-02-07T08:38:26","modified_gmt":"2023-02-07T07:38:26","slug":"energia-meloni-in-tempi-brevi-piano-per-rinnovabili-e-calo-consumi","status":"publish","type":"post","link":"https:\/\/www.messinaoggi.it\/website\/2023\/02\/07\/energia-meloni-in-tempi-brevi-piano-per-rinnovabili-e-calo-consumi\/","title":{"rendered":"Energia, Meloni \u201cIn tempi brevi piano per rinnovabili e calo consumi\u201d"},"content":{"rendered":"<div>ROMA (ITALPRESS) &#8211; Si \u00e8 tenuta la Cabina di Regia del PNRR con i ministeri competenti e le societ\u00e0 partecipate Eni, Enel, Snam e Terna per avviare un confronto sul nuovo capitolo da inserire nel PNRR relativo al RepowerEU, il Piano europeo per fronteggiare le difficolt\u00e0 del mercato energetico globale causate dalla guerra in Ucraina.<br \/>La riunione si \u00e8 svolta alla presenza del Presidente del Consiglio, Giorgia Meloni, del Ministro per il Pnrr, le Politiche di Coesione e il Sud, Raffaele Fitto e tutti i ministri competenti. Hanno partecipato gli amministratori delegati dei principali operatori del settore energetico ed elettrico nazionale Enel, Eni, Snam e Terna.<br \/>Il presidente Meloni nel corso della riunione ha affermato che &#8220;il nuovo piano consentir\u00e0 all&#8217;Italia di dare un forte contributo alla realizzazione del &#8216;Piano Matte\u00ec al fine di consolidare il processo di diversificazione delle forniture verso una totale eliminazione del gas russo e per far diventare l&#8217;Italia hub energetico del Mediterraneo per tutta l&#8217;Europa in un proficuo rapporto di cooperazione soprattutto con i paesi africani&#8221;. <br \/>Il ministro Fitto ha illustrato i principali obiettivi, le modalit\u00e0 e i termini per la definizione dell&#8217;intero Piano e ha affermato che nei prossimi giorni sar\u00e0 completato il confronto con tutti i soggetti istituzionali nazionali e locali cos\u00ec come richiesto dalla Commissione Europea. Il RepowerEU e il contestuale aggiornamento del PNRR dovranno essere perfezionati entro il 30 aprile.<br \/>&#8220;La sfida per rafforzare la sovranit\u00e0 energetica richiede un impegno da parte di tutti &#8211; ha evidenziato Meloni -. Oggi inizia un percorso istituzionale che in tempi brevi ci consentir\u00e0 di elaborare e successivamente realizzare un piano che render\u00e0 l&#8217;Italia pi\u00f9 sostenibile da un punto di vista energetico attraverso l&#8217;aumento della produzione di energia da fonti rinnovabili, la diversificazione delle fonti di approvvigionamento, la riduzione dei consumi. In questo quadro il Governo si \u00e8 impegnato ad attivare strumenti finanziari e di politica industriale per sostenere concretamente la realizzazione dell&#8217;intero piano&#8221;.<div id=\"div-gpt-ad-Messinaoggi.it-DSK-300x250-corpoart\" style=\"text-align:center;margin:0 auto;\"><\/div><\/p>\n<p>&#8211; foto Agenziafotogramma.it &#8211;<div id=\"videoincontent\" style=\"clear:both\";><\/div><\/p>\n<p>(ITALPRESS).<\/p><\/div>\n","protected":false},"excerpt":{"rendered":"<p>ROMA (ITALPRESS) &#8211; Si \u00e8 tenuta la Cabina di Regia del PNRR con i ministeri competenti e le societ\u00e0 partecipate Eni, Enel, Snam e Terna per avviare un confronto sul nuovo capitolo da inserire nel PNRR relativo al RepowerEU, il Piano europeo per fronteggiare le difficolt\u00e0 del mercato energetico globale causate dalla guerra in Ucraina.La [&hellip;]<\/p>\n","protected":false},"author":18,"featured_media":140793,"comment_status":"closed","ping_status":"closed","sticky":false,"template":"","format":"standard","meta":{"ub_ctt_via":"","_mi_skip_tracking":false},"categories":[446,4],"tags":[783],"featured_image_src":"https:\/\/www.messinaoggi.it\/website\/wp-content\/uploads\/2023\/02\/20230206_1819.jpg","author_info":{"display_name":"Admin","author_link":"https:\/\/www.messinaoggi.it\/website\/author\/admin\/"},"digistream_id":0,"digistream":false,"_links":{"self":[{"href":"https:\/\/www.messinaoggi.it\/website\/wp-json\/wp\/v2\/posts\/140792"}],"collection":[{"href":"https:\/\/www.messinaoggi.it\/website\/wp-json\/wp\/v2\/posts"}],"about":[{"href":"https:\/\/www.messinaoggi.it\/website\/wp-json\/wp\/v2\/types\/post"}],"author":[{"embeddable":true,"href":"https:\/\/www.messinaoggi.it\/website\/wp-json\/wp\/v2\/users\/18"}],"replies":[{"embeddable":true,"href":"https:\/\/www.messinaoggi.it\/website\/wp-json\/wp\/v2\/comments?post=140792"}],"version-history":[{"count":1,"href":"https:\/\/www.messinaoggi.it\/website\/wp-json\/wp\/v2\/posts\/140792\/revisions"}],"predecessor-version":[{"id":140812,"href":"https:\/\/www.messinaoggi.it\/website\/wp-json\/wp\/v2\/posts\/140792\/revisions\/140812"}],"wp:featuredmedia":[{"embeddable":true,"href":"https:\/\/www.messinaoggi.it\/website\/wp-json\/wp\/v2\/media\/140793"}],"wp:attachment":[{"href":"https:\/\/www.messinaoggi.it\/website\/wp-json\/wp\/v2\/media?parent=140792"}],"wp:term":[{"taxonomy":"category","embeddable":true,"href":"https:\/\/www.messinaoggi.it\/website\/wp-json\/wp\/v2\/categories?post=140792"},{"taxonomy":"post_tag","embeddable":true,"href":"https:\/\/www.messinaoggi.it\/website\/wp-json\/wp\/v2\/tags?post=140792"}],"curies":[{"name":"wp","href":"https:\/\/api.w.org\/{rel}","templated":true}]}}