{"id":140752,"date":"2023-02-06T17:17:51","date_gmt":"2023-02-06T16:17:51","guid":{"rendered":"https:\/\/www.messinaoggi.it\/website\/2023\/02\/06\/inaugurato-il-nuovo-reparto-di-ostetricia-dellospedale-garibaldi-di-catania\/"},"modified":"2023-02-06T17:17:51","modified_gmt":"2023-02-06T16:17:51","slug":"inaugurato-il-nuovo-reparto-di-ostetricia-dellospedale-garibaldi-di-catania","status":"publish","type":"post","link":"https:\/\/www.messinaoggi.it\/website\/2023\/02\/06\/inaugurato-il-nuovo-reparto-di-ostetricia-dellospedale-garibaldi-di-catania\/","title":{"rendered":"Inaugurato il nuovo reparto di Ostetricia dell\u2019ospedale Garibaldi di Catania"},"content":{"rendered":"<div>\n<p>CATANIA (ITALPRESS) \u2013 \u00abQuando si taglia un nastro per inaugurare un nuovo reparto ospedaliero vincono lo Stato e i cittadini. Quello che apre i battenti oggi \u00e8 anche il frutto dello sforzo politico e amministrativo di chi ci ha preceduto, il presidente Musumeci e l\u2019assessore Razza, che hanno lavorato perch\u00e8 questa giornata potesse realizzarsi, cos\u00ec come ha fatto tutta la dirigenza del presidio ospedaliero Garibaldi\u00bb. Lo ha detto il presidente della Regione Siciliana, Renato Schifani, in occasione dell\u2019inaugurazione del nuovo reparto di Ostetricia dell\u2019ospedale Garibaldi di Catania, accompagnato dall\u2019assessore regionale alla Salute Giovanna Volo, dal commissario straordinario dell\u2019Azienda ospedaliera, Fabrizio De Nicola, e dal direttore del Dipartimento materno-infantile, Giuseppe Ettore. Presenti alla cerimonia anche il presidente dell\u2019Assemblea regionale siciliana, Gaetano Galvagno, gli assessori regionali all\u2019Agricoltura Luca Sammartino e al Territorio Elena Pagana, oltre a deputati regionali e nazionali.<br \/>\u00abHo sempre avuto  \u2013 ha aggiunto il governatore \u2013 un\u2019attenzione particolare alle esigenze dei bambini per dare loro un\u2019assistenza sanitaria forte e solidale. E in questo senso va un grande ringraziamento a medici e paramedici che fanno un lavoro quotidiano fatto di impegno e sacrifici, anche per creare un clima di socializzazione con i pazienti che contribuisce in modo importante alla guarigione. Il mio governo \u00e8 al lavoro per razionalizzare l\u2019offerta sanitaria, privata e pubblica, e rafforzare quest\u2019ultima potenziando la medicina di territorio, prevista dal Pnrr, cos\u00ec da non intasare gli ospedali e i pronto soccorso. Lavoreremo anche per ridurre le liste di attesa e dare ai cittadini tempi di attesa ragionevoli. Ci accingiamo a grandi riforme \u2013 ha concluso Schifani \u2013 e alle forze politiche, sia di maggioranza che di opposizione, chiedo ogni sforzo in tal senso perch\u00e8 la salute dei cittadini non \u00e8 di destra o di sinistra, ma \u00e8 un principio fondamentale che va rispettato\u00bb. <br \/>\u00abMi inorgoglisce \u2013 ha sottolineato l\u2019assessore Volo \u2013 poter dire di essere assessore in occasioni come questa e dinnanzi a realt\u00e0 di eccellenza come il nuovo reparto del Garibaldi. Il mio impegno \u00e8 portare tutto il complesso sistema sanitario regionale a manifestare l\u2019entusiasmo e la voglia di fare sempre meglio, che si respira oggi, conquistando la fiducia dei cittadini. Ringrazio per l\u2019enorme impegno tutti gli operatori sanitari. Sono al loro fianco per risolvere i problemi e portare avanti le iniziative migliori. Il nostro obiettivo \u00e8 potenziare la sanit\u00e0 sul territorio, non far sentire abbandonati gli ospedali piccoli e creare all\u2019interno del sistema ospedaliero una forte rete di connessione con i centri di eccellenza per ridurre la migrazione dei pazienti, e gestire con la dovuta attenzione la cronicit\u00e0 e la fragilit\u00e0 di chi ha bisogno di cure\u00bb.<br \/>foto ufficio stampa Regione siciliana<br \/>(ITALPRESS).<div id=\"div-gpt-ad-Messinaoggi.it-DSK-300x250-corpoart\" style=\"text-align:center;margin:0 auto;\"><\/div><\/p>\n<\/div>\n<div id=\"videoincontent\" style=\"clear:both\";><\/div>","protected":false},"excerpt":{"rendered":"<p>CATANIA (ITALPRESS) \u2013 \u00abQuando si taglia un nastro per inaugurare un nuovo reparto ospedaliero vincono lo Stato e i cittadini. Quello che apre i battenti oggi \u00e8 anche il frutto dello sforzo politico e amministrativo di chi ci ha preceduto, il presidente Musumeci e l\u2019assessore Razza, che hanno lavorato perch\u00e8 questa giornata potesse realizzarsi, cos\u00ec [&hellip;]<\/p>\n","protected":false},"author":18,"featured_media":140753,"comment_status":"closed","ping_status":"closed","sticky":false,"template":"","format":"standard","meta":{"ub_ctt_via":"","_mi_skip_tracking":false},"categories":[2449],"tags":[783],"featured_image_src":"https:\/\/www.messinaoggi.it\/website\/wp-content\/uploads\/2023\/02\/20230206_1624.jpg","author_info":{"display_name":"Admin","author_link":"https:\/\/www.messinaoggi.it\/website\/author\/admin\/"},"digistream_id":0,"digistream":false,"_links":{"self":[{"href":"https:\/\/www.messinaoggi.it\/website\/wp-json\/wp\/v2\/posts\/140752"}],"collection":[{"href":"https:\/\/www.messinaoggi.it\/website\/wp-json\/wp\/v2\/posts"}],"about":[{"href":"https:\/\/www.messinaoggi.it\/website\/wp-json\/wp\/v2\/types\/post"}],"author":[{"embeddable":true,"href":"https:\/\/www.messinaoggi.it\/website\/wp-json\/wp\/v2\/users\/18"}],"replies":[{"embeddable":true,"href":"https:\/\/www.messinaoggi.it\/website\/wp-json\/wp\/v2\/comments?post=140752"}],"version-history":[{"count":0,"href":"https:\/\/www.messinaoggi.it\/website\/wp-json\/wp\/v2\/posts\/140752\/revisions"}],"wp:featuredmedia":[{"embeddable":true,"href":"https:\/\/www.messinaoggi.it\/website\/wp-json\/wp\/v2\/media\/140753"}],"wp:attachment":[{"href":"https:\/\/www.messinaoggi.it\/website\/wp-json\/wp\/v2\/media?parent=140752"}],"wp:term":[{"taxonomy":"category","embeddable":true,"href":"https:\/\/www.messinaoggi.it\/website\/wp-json\/wp\/v2\/categories?post=140752"},{"taxonomy":"post_tag","embeddable":true,"href":"https:\/\/www.messinaoggi.it\/website\/wp-json\/wp\/v2\/tags?post=140752"}],"curies":[{"name":"wp","href":"https:\/\/api.w.org\/{rel}","templated":true}]}}