{"id":140745,"date":"2023-02-06T17:07:52","date_gmt":"2023-02-06T16:07:52","guid":{"rendered":"https:\/\/www.messinaoggi.it\/website\/2023\/02\/06\/italia-etiopia-meloni-rafforzare-legame-con-un-partenariato-paritario\/"},"modified":"2023-02-06T17:07:52","modified_gmt":"2023-02-06T16:07:52","slug":"italia-etiopia-meloni-rafforzare-legame-con-un-partenariato-paritario","status":"publish","type":"post","link":"https:\/\/www.messinaoggi.it\/website\/2023\/02\/06\/italia-etiopia-meloni-rafforzare-legame-con-un-partenariato-paritario\/","title":{"rendered":"Italia-Etiopia, Meloni \u201cRafforzare legame con un partenariato paritario\u201d"},"content":{"rendered":"<div>ROMA (ITALPRESS) &#8211; &#8220;Le relazioni tra Italia e Etiopia che hanno avuto e hanno storicamente, possono intensificarsi ancora di pi\u00f9. Anche oggi abbiamo confermato la profondit\u00e0 dei legami che uniscono le nostre nazioni e i nostri popoli, sono legami storici che nel tempo si sono arricchiti grazie a un rapporto sempre pi\u00f9 intenso sul piano economico e politico&#8221;. Cos\u00ec il presidente del Consiglio, Giorgia Meloni, al termine dell&#8217;incontro con il Primo Ministro dell&#8217;Etiopia, Abiy Ahmed Ali. &#8220;Questo governo intende rafforzarlo con uno spirito di partenariato paritario&#8221;, aggiunge.<br \/>&#8220;L&#8217;Italia \u00e8 stata e continuer\u00e0 ad essere al fianco di un&#8217;Etiopia unita e stabile, a maggior ragione in questa fase cruciale del suo percorso di pacificazione nazionale e di consolidamento democratico &#8211; ha sottolineato Meloni -. L&#8217;Etiopia \u00e8 per noi un perno nella stabilit\u00e0 del Corno d&#8217;Africa, nella stabilit\u00e0 di tutto il Continente. Per questa ragione l&#8217;Italia intende sostenere il suo pieno sviluppo perch\u00e8 abbiamo l&#8217;ambizione di essere un partner privilegiato e intendiamo svolgere il lavoro con sempre maggiore determinazione&#8221;.<br \/>&#8220;La giornata di oggi ci ha consentito la sottoscrizione di una dichiarazione congiunta che da il via al nuovo programma triennale di cooperazione allo sviluppo in favore dell&#8217;Etiopia del valore di 140 milioni di euro, di cui 100 milioni a credito e 40 sotto forma di doni &#8211; ha detto ancora il premier -. Un programma di aiuti molto importante che conferma la nostra volont\u00e0 di provare ad accompagnare il percorso di sviluppo dell&#8217;Etiopia&#8221;.<br \/>&#8220;La nostra visita \u00e8 stata coronata di successo, abbiamo avuto una accoglienza calorosa e questo \u00e8 l&#8217;inizio di un nuovo capitolo delle nostre relazioni. Abbiamo sottoscritto gli accordi di cooperazione in vari settori e quello che ho visto \u00e8 il vostro impegno verso una amicizia, fiducia e rispetto reciproco. L&#8217;Italia ha fatto tante cose a testimonianza di questi sentimenti, \u00e8 stata ed \u00e8 con noi in modo solidale&#8221;, ha sottolineato il primo ministro etiope, Abiy Ahmed Ali.<br \/>&#8220;Quando noi veniamo in Italia ci sentiamo a casa&#8221;, ha aggiunto.<div id=\"div-gpt-ad-Messinaoggi.it-DSK-300x250-corpoart\" style=\"text-align:center;margin:0 auto;\"><\/div><\/p>\n<p>&#8211; foto Agenziafotogramma.it &#8211;<div id=\"videoincontent\" style=\"clear:both\";><\/div><\/p>\n<p>(ITALPRESS).<\/p><\/div>\n","protected":false},"excerpt":{"rendered":"<p>ROMA (ITALPRESS) &#8211; &#8220;Le relazioni tra Italia e Etiopia che hanno avuto e hanno storicamente, possono intensificarsi ancora di pi\u00f9. Anche oggi abbiamo confermato la profondit\u00e0 dei legami che uniscono le nostre nazioni e i nostri popoli, sono legami storici che nel tempo si sono arricchiti grazie a un rapporto sempre pi\u00f9 intenso sul piano [&hellip;]<\/p>\n","protected":false},"author":18,"featured_media":140746,"comment_status":"closed","ping_status":"closed","sticky":false,"template":"","format":"standard","meta":{"ub_ctt_via":"","_mi_skip_tracking":false},"categories":[446],"tags":[783],"featured_image_src":"https:\/\/www.messinaoggi.it\/website\/wp-content\/uploads\/2023\/02\/20230206_1513.jpg","author_info":{"display_name":"Admin","author_link":"https:\/\/www.messinaoggi.it\/website\/author\/admin\/"},"digistream_id":0,"digistream":false,"_links":{"self":[{"href":"https:\/\/www.messinaoggi.it\/website\/wp-json\/wp\/v2\/posts\/140745"}],"collection":[{"href":"https:\/\/www.messinaoggi.it\/website\/wp-json\/wp\/v2\/posts"}],"about":[{"href":"https:\/\/www.messinaoggi.it\/website\/wp-json\/wp\/v2\/types\/post"}],"author":[{"embeddable":true,"href":"https:\/\/www.messinaoggi.it\/website\/wp-json\/wp\/v2\/users\/18"}],"replies":[{"embeddable":true,"href":"https:\/\/www.messinaoggi.it\/website\/wp-json\/wp\/v2\/comments?post=140745"}],"version-history":[{"count":0,"href":"https:\/\/www.messinaoggi.it\/website\/wp-json\/wp\/v2\/posts\/140745\/revisions"}],"wp:featuredmedia":[{"embeddable":true,"href":"https:\/\/www.messinaoggi.it\/website\/wp-json\/wp\/v2\/media\/140746"}],"wp:attachment":[{"href":"https:\/\/www.messinaoggi.it\/website\/wp-json\/wp\/v2\/media?parent=140745"}],"wp:term":[{"taxonomy":"category","embeddable":true,"href":"https:\/\/www.messinaoggi.it\/website\/wp-json\/wp\/v2\/categories?post=140745"},{"taxonomy":"post_tag","embeddable":true,"href":"https:\/\/www.messinaoggi.it\/website\/wp-json\/wp\/v2\/tags?post=140745"}],"curies":[{"name":"wp","href":"https:\/\/api.w.org\/{rel}","templated":true}]}}