{"id":140711,"date":"2023-02-06T13:47:50","date_gmt":"2023-02-06T12:47:50","guid":{"rendered":"https:\/\/www.messinaoggi.it\/website\/2023\/02\/06\/al-policlinico-palermo-un-dipartimento-interaziendale-materno-infantile\/"},"modified":"2023-02-06T13:47:50","modified_gmt":"2023-02-06T12:47:50","slug":"al-policlinico-palermo-un-dipartimento-interaziendale-materno-infantile","status":"publish","type":"post","link":"https:\/\/www.messinaoggi.it\/website\/2023\/02\/06\/al-policlinico-palermo-un-dipartimento-interaziendale-materno-infantile\/","title":{"rendered":"Al Policlinico Palermo un dipartimento interaziendale materno-infantile"},"content":{"rendered":"<div>\n<p>PALERMO (ITALPRESS) \u2013 Un unico Dipartimento interaziendale per l\u2019area materno-infantile per raggiungere gli standard assistenziali idonei alle esigenze della popolazione. Si concretizza l\u2019attivazione del DIFAI, il Dipartimento interaziendale funzionale assistenziale integrato, tra il Policlinico \u201cPaolo Giaccone\u201d e l\u2019ARNAS Civico. Si \u00e8 insediato, infatti, questa mattina, presso l\u2019Azienda ospedaliera universitaria, il tavolo tecnico incaricato di redigere gli appositi regolamenti istitutivi e di funzionamento. Ne fanno parte la professoressa Adriana Cordova, direttore del Dipartimento chirurgico del Policlinico, il professore Giovanni Corsello, direttore della struttura complessa a direzione universitaria di pediatria del presidio ospedaliero \u201cDi Cristina\u201d e il professore Vito Chiantera, direttore della unit\u00e0 operativa di ginecologia dell\u2019ARNAS Civico.<br \/>\u201cIl Dipartimento interaziendale materno \u2013 infantile \u2013 spiega il Commissario del Policlinico, Salvatore Iacolino \u2013 sar\u00e0 una struttura agile finalizzata a migliorare la qualit\u00e0 dell\u2019offerta assistenziale condividendo i percorsi clinico \u00ad assistenziali e diagnostico \u2013 terapeutici, contribuendo a colmare le lacune esistenti in alcune specialit\u00e0. Al tempo stesso \u2013 conclude il manager \u2013 il modello organizzativo consentir\u00e0 un risparmio in termini di spesa e di risorse. La dimensione interaziendale, dunque, permetter\u00e0 una maggiore tutela del paziente e una maggiore efficienza organizzativa nelle aziende ospedaliere\u201d.<br \/>La struttura dipartimentale interaziendale rafforzer\u00e0 la cooperazione tra le unit\u00e0 operative di ginecologia e ostetricia, neonatologia, terapia intensiva neonatale, pediatria generale e specialistica, chirurgia pediatrica e neuropsichiatria infantile afferenti alle due aziende. <br \/>La collaborazione interaziendale potr\u00e0 avere effetti anche sul piano didattico, in linea con gli indirizzi della Scuola di Medicina. Gli studenti del corso di laurea che gi\u00e0 frequentano le unit\u00e0 operative a direzione universitaria frequenteranno per la loro attivit\u00e0 formativa tutto l\u2019ambito dipartimentale.<br \/>Roberto Colletti, commissario dell\u2019ARNAS Civico, aggiunge: \u201cQuesta iniziativa, coerente con i rispettivi atti aziendali, si pone l\u2019obiettivo di allinearsi agli standard e ai livelli organizzativi previsti dai piani sanitari, regionale e nazionale. La collaborazione tra le due aziende si inquadra nell\u2019ottica del miglioramento dei servizi e della qualit\u00e0 dell\u2019assistenza materno \u2013 infantile e dell\u2019ottimizzazione delle risorse\u201d. <br \/>Il tavolo tecnico terminer\u00e0 i lavori entro la prossima settimana. Quindi le due aziende elaboreranno la proposta condivisa da inviare all\u2019assessorato per l\u2019approvazione e la successiva istituzione che avverr\u00e0 con decreto.<div id=\"div-gpt-ad-Messinaoggi.it-DSK-300x250-corpoart\" style=\"text-align:center;margin:0 auto;\"><\/div><\/p>\n<p>\u2013 foto: ufficio stampa Policlinico Palermo <div id=\"videoincontent\" style=\"clear:both\";><\/div><\/p>\n<p>(ITALPRESS).<\/p>\n<\/div>\n","protected":false},"excerpt":{"rendered":"<p>PALERMO (ITALPRESS) \u2013 Un unico Dipartimento interaziendale per l\u2019area materno-infantile per raggiungere gli standard assistenziali idonei alle esigenze della popolazione. Si concretizza l\u2019attivazione del DIFAI, il Dipartimento interaziendale funzionale assistenziale integrato, tra il Policlinico \u201cPaolo Giaccone\u201d e l\u2019ARNAS Civico. Si \u00e8 insediato, infatti, questa mattina, presso l\u2019Azienda ospedaliera universitaria, il tavolo tecnico incaricato di redigere [&hellip;]<\/p>\n","protected":false},"author":18,"featured_media":140712,"comment_status":"closed","ping_status":"closed","sticky":false,"template":"","format":"standard","meta":{"ub_ctt_via":"","_mi_skip_tracking":false},"categories":[2449],"tags":[783],"featured_image_src":"https:\/\/www.messinaoggi.it\/website\/wp-content\/uploads\/2023\/02\/20230206_0676.jpg","author_info":{"display_name":"Admin","author_link":"https:\/\/www.messinaoggi.it\/website\/author\/admin\/"},"digistream_id":0,"digistream":false,"_links":{"self":[{"href":"https:\/\/www.messinaoggi.it\/website\/wp-json\/wp\/v2\/posts\/140711"}],"collection":[{"href":"https:\/\/www.messinaoggi.it\/website\/wp-json\/wp\/v2\/posts"}],"about":[{"href":"https:\/\/www.messinaoggi.it\/website\/wp-json\/wp\/v2\/types\/post"}],"author":[{"embeddable":true,"href":"https:\/\/www.messinaoggi.it\/website\/wp-json\/wp\/v2\/users\/18"}],"replies":[{"embeddable":true,"href":"https:\/\/www.messinaoggi.it\/website\/wp-json\/wp\/v2\/comments?post=140711"}],"version-history":[{"count":0,"href":"https:\/\/www.messinaoggi.it\/website\/wp-json\/wp\/v2\/posts\/140711\/revisions"}],"wp:featuredmedia":[{"embeddable":true,"href":"https:\/\/www.messinaoggi.it\/website\/wp-json\/wp\/v2\/media\/140712"}],"wp:attachment":[{"href":"https:\/\/www.messinaoggi.it\/website\/wp-json\/wp\/v2\/media?parent=140711"}],"wp:term":[{"taxonomy":"category","embeddable":true,"href":"https:\/\/www.messinaoggi.it\/website\/wp-json\/wp\/v2\/categories?post=140711"},{"taxonomy":"post_tag","embeddable":true,"href":"https:\/\/www.messinaoggi.it\/website\/wp-json\/wp\/v2\/tags?post=140711"}],"curies":[{"name":"wp","href":"https:\/\/api.w.org\/{rel}","templated":true}]}}