{"id":14066,"date":"2018-01-08T16:16:58","date_gmt":"2018-01-08T15:16:58","guid":{"rendered":"http:\/\/www.messinaoggi.it\/website\/?p=14066"},"modified":"2018-01-08T16:16:58","modified_gmt":"2018-01-08T15:16:58","slug":"lfp-cisl-affila-le-armi-in-vista-delle-elezioni-rsu-di-aprile","status":"publish","type":"post","link":"https:\/\/www.messinaoggi.it\/website\/2018\/01\/08\/lfp-cisl-affila-le-armi-in-vista-delle-elezioni-rsu-di-aprile\/","title":{"rendered":"L&#039;Fp Cisl affila le armi in vista delle elezioni RSU di aprile"},"content":{"rendered":"<p style=\"text-align: justify\">La Cisl Fp di Messina \u00e8 pronta alla sfida per le elezioni del nuovo RSU, ma prima ci sono parecchi nodi da sciogliere. A partire dalla firma sul contratto di lavoro collettivo per il 2017, le tante problematiche del corpo di Polizia Municipale e il contratto nazionale per le Autonomie Locali. Ecco gli argomenti che sono stati affrontati questa mattina nella Sala Ovale di Palazzo Zanca, in occasione del direttivo che si \u00e8 svolto alla presenza del segretario nazionale reggente, Luigi Caracausi e e al Segretario Generale per la Sicilia, Paolo Montera.<div id=\"div-gpt-ad-Messinaoggi.it-DSK-300x250-corpoart\" style=\"text-align:center;margin:0 auto;\"><\/div><\/p>\n<p style=\"text-align: justify\">Caracausi \u00a0si dice certo della chiusura sul Contratto Collettivo del 2017: <em>\u201cSar\u00e0 certamente chiuso ma \u00e8 probabile che venga suddiviso in due tronconi. E\u2019 altrettanto probabile che venga istituita una commissione paritetica, che affronter\u00e0 e risolver\u00e0 con potere regolamentare tutte le problematiche che riguardano le professionalit\u00e0 degli enti locali. Questa sar\u00e0 la prima fase, poi la seconda partir\u00e0 con la creazione del nuovo Governo nazionale\u201d.<\/em><div id=\"videoincontent\" style=\"clear:both\";><\/div><\/p>\n<p style=\"text-align: justify\">Presente anche il responsabile della Cisl Fp di Messina, Saro contestabile: <em>\u201cCi siamo sempre contraddistinti\u00a0 per la nostra linearit\u00e0 e abbiamo ottenuto dei buoni risultati. Penso al rinnovo del contratto collettivo decentrato 2017, alla stabilizzazione dei cinquantatre ex contrattisti avvenuta il 30 dicembre scorso, quest\u2019anno ne saranno stabilizzati altri. Il 17, 18 e 19 aprile ci saranno le elezioni dell\u2019RSU, siamo fiduciosi\u201d.<\/em><\/p>\n<p>Foto Papandrea<\/p>\n","protected":false},"excerpt":{"rendered":"<p>La Cisl Fp di Messina \u00e8 pronta alla sfida per le elezioni del nuovo RSU, ma prima ci sono parecchi nodi da sciogliere. A partire dalla firma sul contratto di lavoro collettivo per il 2017, le tante problematiche del corpo di Polizia Municipale e il contratto nazionale per le Autonomie Locali. Ecco gli argomenti che [&hellip;]<\/p>\n","protected":false},"author":1,"featured_media":14058,"comment_status":"closed","ping_status":"open","sticky":false,"template":"","format":"standard","meta":{"ub_ctt_via":"","_mi_skip_tracking":false},"categories":[6],"tags":[],"featured_image_src":"https:\/\/www.messinaoggi.it\/website\/wp-content\/uploads\/2018\/01\/incontro-cisl-RRP_9590-1.jpg","author_info":{"display_name":"admin@admin.com","author_link":"https:\/\/www.messinaoggi.it\/website\/author\/adminadmin-com\/"},"digistream_id":0,"digistream":false,"_links":{"self":[{"href":"https:\/\/www.messinaoggi.it\/website\/wp-json\/wp\/v2\/posts\/14066"}],"collection":[{"href":"https:\/\/www.messinaoggi.it\/website\/wp-json\/wp\/v2\/posts"}],"about":[{"href":"https:\/\/www.messinaoggi.it\/website\/wp-json\/wp\/v2\/types\/post"}],"author":[{"embeddable":true,"href":"https:\/\/www.messinaoggi.it\/website\/wp-json\/wp\/v2\/users\/1"}],"replies":[{"embeddable":true,"href":"https:\/\/www.messinaoggi.it\/website\/wp-json\/wp\/v2\/comments?post=14066"}],"version-history":[{"count":0,"href":"https:\/\/www.messinaoggi.it\/website\/wp-json\/wp\/v2\/posts\/14066\/revisions"}],"wp:featuredmedia":[{"embeddable":true,"href":"https:\/\/www.messinaoggi.it\/website\/wp-json\/wp\/v2\/media\/14058"}],"wp:attachment":[{"href":"https:\/\/www.messinaoggi.it\/website\/wp-json\/wp\/v2\/media?parent=14066"}],"wp:term":[{"taxonomy":"category","embeddable":true,"href":"https:\/\/www.messinaoggi.it\/website\/wp-json\/wp\/v2\/categories?post=14066"},{"taxonomy":"post_tag","embeddable":true,"href":"https:\/\/www.messinaoggi.it\/website\/wp-json\/wp\/v2\/tags?post=14066"}],"curies":[{"name":"wp","href":"https:\/\/api.w.org\/{rel}","templated":true}]}}