{"id":14061,"date":"2018-01-08T15:06:26","date_gmt":"2018-01-08T14:06:26","guid":{"rendered":"http:\/\/www.messinaoggi.it\/website\/?p=14061"},"modified":"2018-01-08T15:06:26","modified_gmt":"2018-01-08T14:06:26","slug":"accorinti-da-il-via-alla-sua-campagna-elettorale-con-un-videomessaggio","status":"publish","type":"post","link":"https:\/\/www.messinaoggi.it\/website\/2018\/01\/08\/accorinti-da-il-via-alla-sua-campagna-elettorale-con-un-videomessaggio\/","title":{"rendered":"Accorinti d\u00e0 il via alla sua campagna elettorale con un videomessaggio"},"content":{"rendered":"<p style=\"text-align: justify\">La campagna elettorale di Renato Accorinti \u00e8 gi\u00e0 partita. Esattamente come cinque anni fa, la sua prima uscita \u00e8 avvenuta subito dopo le feste di Natale, solo che invece della presentazione al Salone delle Bandiere, il primo cittadino ha optato per un messaggio sul web.<div id=\"div-gpt-ad-Messinaoggi.it-DSK-300x250-corpoart\" style=\"text-align:center;margin:0 auto;\"><\/div><\/p>\n<p style=\"text-align: justify\">5 minuti per chiedere ai cittadini di giudicare il mandato della Giunta sulla scorta di ci\u00f2 che \u00e8 stato fatto: \u201c<em>Abbiamo trovato mezzo milione di debiti, di l\u00ec a poco sarebbe stato un disastro senza eguali. I servizi erano praticamente azzerati, dai trasporti alla nettezza urbana. Abbiamo cambiato le partecipate, noi vogliamo essere giudicati sui fatti, nient\u2019altro\u201d.<\/em><div id=\"videoincontent\" style=\"clear:both\";><\/div><\/p>\n<p style=\"text-align: justify\">Accorinti poi ribadisce: <em>\u201cHo potuto contare su assessori che sono dei professionisti, hanno tolto delle energie alla loro attivit\u00e0 per dedicarsi a qualcosa di pi\u00f9 grande, il bene della collettivit\u00e0. Persone che hanno un prerequisito fondamentale, l\u2019onest\u00e0. Quello che \u00e8 stato fatto \u00e8 tanto, presto sar\u00e0 tutto on-line e invito a documentarvi. La nostra \u00e8 un\u2019esperienza fuori dai partiti, che per\u00f2 ha gi\u00e0 avuto molti altri esempi in Italia\u201d<\/em>.<\/p>\n<p style=\"text-align: justify\">Infine Accorinti ha lanciato un appello ai propri sostenitori: <em>\u201cCinque anni fa ci fu una grossa raccolta di firme per chiedere la mia candidatura, adesso chiedo ad ognuno di voi di condividere questo video come contributo e come segno di far continuare quest\u2019avventura\u201d.<\/em><\/p>\n","protected":false},"excerpt":{"rendered":"<p>La campagna elettorale di Renato Accorinti \u00e8 gi\u00e0 partita. Esattamente come cinque anni fa, la sua prima uscita \u00e8 avvenuta subito dopo le feste di Natale, solo che invece della presentazione al Salone delle Bandiere, il primo cittadino ha optato per un messaggio sul web. 5 minuti per chiedere ai cittadini di giudicare il mandato [&hellip;]<\/p>\n","protected":false},"author":1,"featured_media":2153,"comment_status":"closed","ping_status":"open","sticky":false,"template":"","format":"standard","meta":{"ub_ctt_via":"","_mi_skip_tracking":false},"categories":[6],"tags":[],"featured_image_src":"https:\/\/www.messinaoggi.it\/website\/wp-content\/uploads\/2017\/06\/Accorinti-sfiducia-2.jpg","author_info":{"display_name":"admin@admin.com","author_link":"https:\/\/www.messinaoggi.it\/website\/author\/adminadmin-com\/"},"digistream_id":0,"digistream":false,"_links":{"self":[{"href":"https:\/\/www.messinaoggi.it\/website\/wp-json\/wp\/v2\/posts\/14061"}],"collection":[{"href":"https:\/\/www.messinaoggi.it\/website\/wp-json\/wp\/v2\/posts"}],"about":[{"href":"https:\/\/www.messinaoggi.it\/website\/wp-json\/wp\/v2\/types\/post"}],"author":[{"embeddable":true,"href":"https:\/\/www.messinaoggi.it\/website\/wp-json\/wp\/v2\/users\/1"}],"replies":[{"embeddable":true,"href":"https:\/\/www.messinaoggi.it\/website\/wp-json\/wp\/v2\/comments?post=14061"}],"version-history":[{"count":0,"href":"https:\/\/www.messinaoggi.it\/website\/wp-json\/wp\/v2\/posts\/14061\/revisions"}],"wp:featuredmedia":[{"embeddable":true,"href":"https:\/\/www.messinaoggi.it\/website\/wp-json\/wp\/v2\/media\/2153"}],"wp:attachment":[{"href":"https:\/\/www.messinaoggi.it\/website\/wp-json\/wp\/v2\/media?parent=14061"}],"wp:term":[{"taxonomy":"category","embeddable":true,"href":"https:\/\/www.messinaoggi.it\/website\/wp-json\/wp\/v2\/categories?post=14061"},{"taxonomy":"post_tag","embeddable":true,"href":"https:\/\/www.messinaoggi.it\/website\/wp-json\/wp\/v2\/tags?post=14061"}],"curies":[{"name":"wp","href":"https:\/\/api.w.org\/{rel}","templated":true}]}}