{"id":140603,"date":"2023-02-05T10:07:58","date_gmt":"2023-02-05T09:07:58","guid":{"rendered":"https:\/\/www.messinaoggi.it\/website\/2023\/02\/05\/papa-francesco-deponiamo-le-armi-dellodio-e-della-vendetta\/"},"modified":"2023-02-05T10:07:58","modified_gmt":"2023-02-05T09:07:58","slug":"papa-francesco-deponiamo-le-armi-dellodio-e-della-vendetta","status":"publish","type":"post","link":"https:\/\/www.messinaoggi.it\/website\/2023\/02\/05\/papa-francesco-deponiamo-le-armi-dellodio-e-della-vendetta\/","title":{"rendered":"Papa Francesco \u201cDeponiamo le armi dell\u2019odio e della vendetta\u201d"},"content":{"rendered":"<div>ROMA (ITALPRESS) &#8211; &#8220;Deponiamo le armi dell&#8217;odio e della vendetta per imbracciare la preghiera e la carit\u00e0; superiamo quelle antipatie e avversioni che, nel tempo, sono diventate croniche e rischiano di contrapporre le trib\u00f9 e le etnie; impariamo a mettere sulle ferite il sale del perdono, che brucia ma guarisce&#8221;. Cos\u00ec Papa Francesco nell&#8217;omelia della messa celebrata al Mausoleo &#8220;John Garang&#8221; di Giuba, dove sono presenti oltre 100 mila persone, secondo quanto riferiscono le autorit\u00e0 locali.<br \/>&#8220;E, anche se il cuore sanguina per i torti ricevuti &#8211; sottolinea il Santo padre -, rinunciamo una volta per tutte a rispondere al male con il male, e staremo bene dentro; accogliamoci e amiamoci con sincerit\u00e0 e generosit\u00e0, come fa Dio con noi. Custodiamo il bene che siamo, non lasciamoci corrompere dal male!&#8221;.<br \/>credit photo agenziafotogramma.it<br \/>(ITALPRESS).<\/div>\n<div id=\"div-gpt-ad-Messinaoggi.it-DSK-300x250-corpoart\" style=\"text-align:center;margin:0 auto;\"><\/div><\/p><div id=\"videoincontent\" style=\"clear:both\";><\/div>","protected":false},"excerpt":{"rendered":"<p>ROMA (ITALPRESS) &#8211; &#8220;Deponiamo le armi dell&#8217;odio e della vendetta per imbracciare la preghiera e la carit\u00e0; superiamo quelle antipatie e avversioni che, nel tempo, sono diventate croniche e rischiano di contrapporre le trib\u00f9 e le etnie; impariamo a mettere sulle ferite il sale del perdono, che brucia ma guarisce&#8221;. Cos\u00ec Papa Francesco nell&#8217;omelia della [&hellip;]<\/p>\n","protected":false},"author":18,"featured_media":140604,"comment_status":"closed","ping_status":"closed","sticky":false,"template":"","format":"standard","meta":{"ub_ctt_via":"","_mi_skip_tracking":false},"categories":[446],"tags":[783],"featured_image_src":"https:\/\/www.messinaoggi.it\/website\/wp-content\/uploads\/2023\/02\/20230205_0080.jpg","author_info":{"display_name":"Admin","author_link":"https:\/\/www.messinaoggi.it\/website\/author\/admin\/"},"digistream_id":0,"digistream":false,"_links":{"self":[{"href":"https:\/\/www.messinaoggi.it\/website\/wp-json\/wp\/v2\/posts\/140603"}],"collection":[{"href":"https:\/\/www.messinaoggi.it\/website\/wp-json\/wp\/v2\/posts"}],"about":[{"href":"https:\/\/www.messinaoggi.it\/website\/wp-json\/wp\/v2\/types\/post"}],"author":[{"embeddable":true,"href":"https:\/\/www.messinaoggi.it\/website\/wp-json\/wp\/v2\/users\/18"}],"replies":[{"embeddable":true,"href":"https:\/\/www.messinaoggi.it\/website\/wp-json\/wp\/v2\/comments?post=140603"}],"version-history":[{"count":0,"href":"https:\/\/www.messinaoggi.it\/website\/wp-json\/wp\/v2\/posts\/140603\/revisions"}],"wp:featuredmedia":[{"embeddable":true,"href":"https:\/\/www.messinaoggi.it\/website\/wp-json\/wp\/v2\/media\/140604"}],"wp:attachment":[{"href":"https:\/\/www.messinaoggi.it\/website\/wp-json\/wp\/v2\/media?parent=140603"}],"wp:term":[{"taxonomy":"category","embeddable":true,"href":"https:\/\/www.messinaoggi.it\/website\/wp-json\/wp\/v2\/categories?post=140603"},{"taxonomy":"post_tag","embeddable":true,"href":"https:\/\/www.messinaoggi.it\/website\/wp-json\/wp\/v2\/tags?post=140603"}],"curies":[{"name":"wp","href":"https:\/\/api.w.org\/{rel}","templated":true}]}}