{"id":140599,"date":"2023-02-05T09:07:54","date_gmt":"2023-02-05T08:07:54","guid":{"rendered":"https:\/\/www.messinaoggi.it\/website\/2023\/02\/05\/ronzulli-se-ci-dividiamo-sulla-legalita-il-paese-diventa-fragile\/"},"modified":"2023-02-05T09:07:54","modified_gmt":"2023-02-05T08:07:54","slug":"ronzulli-se-ci-dividiamo-sulla-legalita-il-paese-diventa-fragile","status":"publish","type":"post","link":"https:\/\/www.messinaoggi.it\/website\/2023\/02\/05\/ronzulli-se-ci-dividiamo-sulla-legalita-il-paese-diventa-fragile\/","title":{"rendered":"Ronzulli \u201cSe ci dividiamo sulla legalit\u00e0 il Paese diventa fragile\u201d"},"content":{"rendered":"<div>ROMA (ITALPRESS) &#8211; &#8220;E&#8217; una settimana che in Parlamento lo scontro politico si \u00e8 incendiato, in modo figurato. Intanto gli anarchici stanno incendiando realmente le piazze, fanno attentati, mettono nel mirino le istituzioni, fino ad arrivare al presidente della Repubblica. Direi che \u00e8 ora di mettere fine a tutto questo, \u00e8 giusto abbassare i toni. La gente non capisce, mentre vorrebbe vederci lavorare per mantenere gli impegni. Bene, rimbocchiamoci le maniche e diamoci da fare sulle cose concrete. Si \u00e8 perso anche troppo tempo. Questa contrapposizione tra maggioranza e opposizione su questi temi, lo ripeto, \u00e8 sbagliata, perch\u00e8 apre una falla, ci rende aggredibili. Un Paese che si divide sulla legalit\u00e0 \u00e8 un Paese fragile&#8221;. Cos\u00ec, in un&#8217;intervista a la Repubblica, in merito al caso Cospito, la capogruppo di Forza Italia al Senato, Licia Ronzulli, che aggiunge: &#8220;Non mi sarebbe mai passato per la mente di andarlo a trovare. Anche perch\u00e8 con quella visita, mentre la magistratura era al lavoro, si \u00e8 dato troppo risalto a Cospito e al suo sciopero della fame che egli stesso, a leggere la relazione del Gom della Polizia penitenziaria, pubblicata dal vostro giornale, ha definito &#8216;il pi\u00f9 falso della stori\u00e0. E non avrei neanche espresso dubbi sulla misura del carcere duro nei suoi confronti, come nel Pd qualcuno ha fatto. Io ho una concezione molto diversa delle ispezioni in carcere&#8221;. &#8220;Purtroppo &#8211; sottolinea -, con la contrapposizione fra maggioranza e opposizione \u00e8 stato acceso un faro su Cospito, del quale quasi nessuno conosceva l&#8217;esistenza: ha ottenuto un palco e un teatro. Occorre riportare un p\u00f2 di equilibrio, perch\u00e8 il palco e il teatro lo stanno avendo anche i criminali che fuori dalcarcere stanno dando vita a ogni genere di violenza&#8221;.<br \/>&#8220;Essere garantisti significa lottare affinch\u00e8 nei confronti di tutti siano rispettate le regole del giusto processo &#8211; aggiunge Licia Ronzulli -. Significa lottare per impedire l&#8217;abuso, non l&#8217;uso delle intercettazioni pubblicate illegalmente, che in questi anni ha distrutto vite e carriere. Su questo mi pare siamo tutti d&#8217;accordo. Cos\u00ec come siamo d&#8217;accordo sul fatto che una volta arrivati alla sentenza, sia giusto che chi ha sbagliato paghi fino in fondo. E per essere chiari, il 41 bis non \u00e8 e non deve essere messo in discussione. Non ci sono scioperi della fame che tengano&#8221;.<br \/>credit photo agenziafotogramma.it<br \/>(ITALPRESS).<\/div>\n<div id=\"div-gpt-ad-Messinaoggi.it-DSK-300x250-corpoart\" style=\"text-align:center;margin:0 auto;\"><\/div><\/p><div id=\"videoincontent\" style=\"clear:both\";><\/div>","protected":false},"excerpt":{"rendered":"<p>ROMA (ITALPRESS) &#8211; &#8220;E&#8217; una settimana che in Parlamento lo scontro politico si \u00e8 incendiato, in modo figurato. Intanto gli anarchici stanno incendiando realmente le piazze, fanno attentati, mettono nel mirino le istituzioni, fino ad arrivare al presidente della Repubblica. Direi che \u00e8 ora di mettere fine a tutto questo, \u00e8 giusto abbassare i toni. [&hellip;]<\/p>\n","protected":false},"author":18,"featured_media":140600,"comment_status":"closed","ping_status":"closed","sticky":false,"template":"","format":"standard","meta":{"ub_ctt_via":"","_mi_skip_tracking":false},"categories":[446],"tags":[783],"featured_image_src":"https:\/\/www.messinaoggi.it\/website\/wp-content\/uploads\/2023\/02\/20230205_0073.jpg","author_info":{"display_name":"Admin","author_link":"https:\/\/www.messinaoggi.it\/website\/author\/admin\/"},"digistream_id":0,"digistream":false,"_links":{"self":[{"href":"https:\/\/www.messinaoggi.it\/website\/wp-json\/wp\/v2\/posts\/140599"}],"collection":[{"href":"https:\/\/www.messinaoggi.it\/website\/wp-json\/wp\/v2\/posts"}],"about":[{"href":"https:\/\/www.messinaoggi.it\/website\/wp-json\/wp\/v2\/types\/post"}],"author":[{"embeddable":true,"href":"https:\/\/www.messinaoggi.it\/website\/wp-json\/wp\/v2\/users\/18"}],"replies":[{"embeddable":true,"href":"https:\/\/www.messinaoggi.it\/website\/wp-json\/wp\/v2\/comments?post=140599"}],"version-history":[{"count":0,"href":"https:\/\/www.messinaoggi.it\/website\/wp-json\/wp\/v2\/posts\/140599\/revisions"}],"wp:featuredmedia":[{"embeddable":true,"href":"https:\/\/www.messinaoggi.it\/website\/wp-json\/wp\/v2\/media\/140600"}],"wp:attachment":[{"href":"https:\/\/www.messinaoggi.it\/website\/wp-json\/wp\/v2\/media?parent=140599"}],"wp:term":[{"taxonomy":"category","embeddable":true,"href":"https:\/\/www.messinaoggi.it\/website\/wp-json\/wp\/v2\/categories?post=140599"},{"taxonomy":"post_tag","embeddable":true,"href":"https:\/\/www.messinaoggi.it\/website\/wp-json\/wp\/v2\/tags?post=140599"}],"curies":[{"name":"wp","href":"https:\/\/api.w.org\/{rel}","templated":true}]}}