{"id":140560,"date":"2023-02-04T14:08:03","date_gmt":"2023-02-04T13:08:03","guid":{"rendered":"https:\/\/www.messinaoggi.it\/website\/2023\/02\/04\/pichetto-fratin-stoccaggi-gas-ok-nessun-rischio-per-linverno\/"},"modified":"2023-02-04T14:08:03","modified_gmt":"2023-02-04T13:08:03","slug":"pichetto-fratin-stoccaggi-gas-ok-nessun-rischio-per-linverno","status":"publish","type":"post","link":"https:\/\/www.messinaoggi.it\/website\/2023\/02\/04\/pichetto-fratin-stoccaggi-gas-ok-nessun-rischio-per-linverno\/","title":{"rendered":"Pichetto Fratin \u201cStoccaggi gas ok, nessun rischio per l\u2019inverno\u201d"},"content":{"rendered":"<div>MILANO (ITALPRESS) &#8211; Il calo delle bollette del gas &#8220;\u00e8 cominciato. Per quanto riguarda la contingenza, dovremmo aver superato la difficolt\u00e0 dell&#8217;inverno perch\u00e8 gli stoccaggi ci sono e non dovrebbe esserci pi\u00f9 il rischio per questo inverno di rimanere senza gas e senza luce. La preoccupazione rimane per l&#8217;anno prossimo&#8221;. Lo ha affermato il ministro dell&#8217;Ambiente e della Sicurezza Energetica Gilberto Pichetto-Fratin intervenendo ad un evento di Forza Italia a Milano in vista delle elezioni regionali del 12-13 febbraio.<div id=\"div-gpt-ad-Messinaoggi.it-DSK-300x250-corpoart\" style=\"text-align:center;margin:0 auto;\"><\/div><\/p>\n<p>Foto: agenziafotogramma.it<div id=\"videoincontent\" style=\"clear:both\";><\/div><\/p>\n<p>(ITALPRESS).<\/p><\/div>\n","protected":false},"excerpt":{"rendered":"<p>MILANO (ITALPRESS) &#8211; Il calo delle bollette del gas &#8220;\u00e8 cominciato. Per quanto riguarda la contingenza, dovremmo aver superato la difficolt\u00e0 dell&#8217;inverno perch\u00e8 gli stoccaggi ci sono e non dovrebbe esserci pi\u00f9 il rischio per questo inverno di rimanere senza gas e senza luce. La preoccupazione rimane per l&#8217;anno prossimo&#8221;. Lo ha affermato il ministro [&hellip;]<\/p>\n","protected":false},"author":18,"featured_media":140561,"comment_status":"closed","ping_status":"closed","sticky":false,"template":"","format":"standard","meta":{"ub_ctt_via":"","_mi_skip_tracking":false},"categories":[446],"tags":[783],"featured_image_src":"https:\/\/www.messinaoggi.it\/website\/wp-content\/uploads\/2023\/02\/20230204_0743.jpg","author_info":{"display_name":"Admin","author_link":"https:\/\/www.messinaoggi.it\/website\/author\/admin\/"},"digistream_id":0,"digistream":false,"_links":{"self":[{"href":"https:\/\/www.messinaoggi.it\/website\/wp-json\/wp\/v2\/posts\/140560"}],"collection":[{"href":"https:\/\/www.messinaoggi.it\/website\/wp-json\/wp\/v2\/posts"}],"about":[{"href":"https:\/\/www.messinaoggi.it\/website\/wp-json\/wp\/v2\/types\/post"}],"author":[{"embeddable":true,"href":"https:\/\/www.messinaoggi.it\/website\/wp-json\/wp\/v2\/users\/18"}],"replies":[{"embeddable":true,"href":"https:\/\/www.messinaoggi.it\/website\/wp-json\/wp\/v2\/comments?post=140560"}],"version-history":[{"count":0,"href":"https:\/\/www.messinaoggi.it\/website\/wp-json\/wp\/v2\/posts\/140560\/revisions"}],"wp:featuredmedia":[{"embeddable":true,"href":"https:\/\/www.messinaoggi.it\/website\/wp-json\/wp\/v2\/media\/140561"}],"wp:attachment":[{"href":"https:\/\/www.messinaoggi.it\/website\/wp-json\/wp\/v2\/media?parent=140560"}],"wp:term":[{"taxonomy":"category","embeddable":true,"href":"https:\/\/www.messinaoggi.it\/website\/wp-json\/wp\/v2\/categories?post=140560"},{"taxonomy":"post_tag","embeddable":true,"href":"https:\/\/www.messinaoggi.it\/website\/wp-json\/wp\/v2\/tags?post=140560"}],"curies":[{"name":"wp","href":"https:\/\/api.w.org\/{rel}","templated":true}]}}