{"id":14056,"date":"2018-01-08T12:00:22","date_gmt":"2018-01-08T11:00:22","guid":{"rendered":"http:\/\/www.messinaoggi.it\/website\/?p=14056"},"modified":"2018-01-08T12:00:22","modified_gmt":"2018-01-08T11:00:22","slug":"meningite-17enne-di-graniti-ricoverato-a-patti-esce-dal-coma","status":"publish","type":"post","link":"https:\/\/www.messinaoggi.it\/website\/2018\/01\/08\/meningite-17enne-di-graniti-ricoverato-a-patti-esce-dal-coma\/","title":{"rendered":"Meningite, 17enne di Graniti ricoverato a Patti esce dal coma"},"content":{"rendered":"<p>Un caso di meningite \u00e8 stato registrato nel Messinese. Ad essere colpito \u00e8 stato un ragazzo di 17 anni originario di Graniti. Il giovane si \u00e8 svegliato dal coma dopo cinque giorni. Attualmente \u00e8 ricoverato all&#8217;ospedale &#8220;Barone Romeo&#8221; di Patti.<br \/>\nLa Direzione sanitaria del nosocomio ha reso noto che &#8220;il giovane paziente di 17 anni \u00e8 giunto alla nostra osservazione lo scorso 2 gennaio in stato di coma dal Pronto soccorso dell&#8217;ospedale &#8220;San Vincenzo&#8221; di Taormina.<br \/>\nNelle prime 24 ore \u00e8 stata effettuata la diagnosi di meningo-encefalite. Successivamente sono stati fatti gli esami sierologici, che hanno confermato la presenza nel liquor di neisseria meningitidis&#8221;. Il giovane paziente \u00e8 stato seguito dallo staff dell&#8217;Unita&#8217; operativa complessa di Anestasia e Rianimazione, diretta da Mariella De Florio.<br \/>\nL&#8217;ospedale ha comunicato la diagnosi alla famiglia e alla comunit\u00e0 di Graniti: &#8220;E&#8217; stata effettuata una profilassi sugli operatori sanitari, il nucleo familiare e tutti i soggetti ritenuti a rischio &#8211; sottolineano dalla Direzione sanitaria dell&#8217;ospedale &#8216;Barone Romeo&#8217; -. Il paziente ha risposto bene alla terapia impostata ed il 7 gennaio \u00e8 stato estubato. Le condizioni generali appaiono in rapido miglioramento e stiamo valutando di trasferirlo in un reparto sub-intensivo&#8221;<div id=\"div-gpt-ad-Messinaoggi.it-DSK-300x250-corpoart\" style=\"text-align:center;margin:0 auto;\"><\/div><\/p>\n<div id=\"videoincontent\" style=\"clear:both\";><\/div>","protected":false},"excerpt":{"rendered":"<p>Un caso di meningite \u00e8 stato registrato nel Messinese. Ad essere colpito \u00e8 stato un ragazzo di 17 anni originario di Graniti. Il giovane si \u00e8 svegliato dal coma dopo cinque giorni. Attualmente \u00e8 ricoverato all&#8217;ospedale &#8220;Barone Romeo&#8221; di Patti. La Direzione sanitaria del nosocomio ha reso noto che &#8220;il giovane paziente di 17 anni [&hellip;]<\/p>\n","protected":false},"author":2,"featured_media":2172,"comment_status":"closed","ping_status":"open","sticky":false,"template":"","format":"standard","meta":{"ub_ctt_via":"","_mi_skip_tracking":false},"categories":[6],"tags":[],"featured_image_src":"https:\/\/www.messinaoggi.it\/website\/wp-content\/uploads\/2017\/06\/Barone-Romeo-di-Patti-2.jpg","author_info":{"display_name":"Redazione","author_link":"https:\/\/www.messinaoggi.it\/website\/author\/redazione\/"},"digistream_id":0,"digistream":false,"_links":{"self":[{"href":"https:\/\/www.messinaoggi.it\/website\/wp-json\/wp\/v2\/posts\/14056"}],"collection":[{"href":"https:\/\/www.messinaoggi.it\/website\/wp-json\/wp\/v2\/posts"}],"about":[{"href":"https:\/\/www.messinaoggi.it\/website\/wp-json\/wp\/v2\/types\/post"}],"author":[{"embeddable":true,"href":"https:\/\/www.messinaoggi.it\/website\/wp-json\/wp\/v2\/users\/2"}],"replies":[{"embeddable":true,"href":"https:\/\/www.messinaoggi.it\/website\/wp-json\/wp\/v2\/comments?post=14056"}],"version-history":[{"count":0,"href":"https:\/\/www.messinaoggi.it\/website\/wp-json\/wp\/v2\/posts\/14056\/revisions"}],"wp:featuredmedia":[{"embeddable":true,"href":"https:\/\/www.messinaoggi.it\/website\/wp-json\/wp\/v2\/media\/2172"}],"wp:attachment":[{"href":"https:\/\/www.messinaoggi.it\/website\/wp-json\/wp\/v2\/media?parent=14056"}],"wp:term":[{"taxonomy":"category","embeddable":true,"href":"https:\/\/www.messinaoggi.it\/website\/wp-json\/wp\/v2\/categories?post=14056"},{"taxonomy":"post_tag","embeddable":true,"href":"https:\/\/www.messinaoggi.it\/website\/wp-json\/wp\/v2\/tags?post=14056"}],"curies":[{"name":"wp","href":"https:\/\/api.w.org\/{rel}","templated":true}]}}