{"id":140554,"date":"2023-02-04T14:07:55","date_gmt":"2023-02-04T13:07:55","guid":{"rendered":"https:\/\/www.messinaoggi.it\/website\/2023\/02\/04\/tajani-il-41-bis-ora-non-si-tocca\/"},"modified":"2023-02-04T14:07:55","modified_gmt":"2023-02-04T13:07:55","slug":"tajani-il-41-bis-ora-non-si-tocca","status":"publish","type":"post","link":"https:\/\/www.messinaoggi.it\/website\/2023\/02\/04\/tajani-il-41-bis-ora-non-si-tocca\/","title":{"rendered":"Tajani \u201cIl 41 bis ora non si tocca\u201d"},"content":{"rendered":"<div>MILANO (ITALPRESS) &#8211; &#8220;Il 41 bis non si pu\u00f2 toccare in questo momento perch\u00e8 bisogna ancora sconfiggere mafia e terrorismo. Quindi \u00e8 assolutamente indispensabile continuare ad avere il 41 bis , come strumento di garanzia per la sicurezza dello Stato&#8221;.<br \/>\nLo ha affermato il ministro degli Esteri Antonio Tajani a margine di un evento elettorale a Milano per le elezioni regionali del 12-13 febbraio. &#8220;Il 41 bis serve a impedire che ci siano collegamenti esterni per detenuti che hanno commesso reati gravissimi e possono continuare a dare indicazioni o ordini ai loro sodali&#8221;, ha aggiunto.<div id=\"div-gpt-ad-Messinaoggi.it-DSK-300x250-corpoart\" style=\"text-align:center;margin:0 auto;\"><\/div><\/p>\n<p>Foto: agenziafotogramma.it<div id=\"videoincontent\" style=\"clear:both\";><\/div><\/p>\n<p>(ITALPRESS).<\/p><\/div>\n","protected":false},"excerpt":{"rendered":"<p>MILANO (ITALPRESS) &#8211; &#8220;Il 41 bis non si pu\u00f2 toccare in questo momento perch\u00e8 bisogna ancora sconfiggere mafia e terrorismo. Quindi \u00e8 assolutamente indispensabile continuare ad avere il 41 bis , come strumento di garanzia per la sicurezza dello Stato&#8221;. Lo ha affermato il ministro degli Esteri Antonio Tajani a margine di un evento elettorale [&hellip;]<\/p>\n","protected":false},"author":18,"featured_media":140555,"comment_status":"closed","ping_status":"closed","sticky":false,"template":"","format":"standard","meta":{"ub_ctt_via":"","_mi_skip_tracking":false},"categories":[446],"tags":[783],"featured_image_src":"https:\/\/www.messinaoggi.it\/website\/wp-content\/uploads\/2023\/02\/20230204_0727.jpg","author_info":{"display_name":"Admin","author_link":"https:\/\/www.messinaoggi.it\/website\/author\/admin\/"},"digistream_id":0,"digistream":false,"_links":{"self":[{"href":"https:\/\/www.messinaoggi.it\/website\/wp-json\/wp\/v2\/posts\/140554"}],"collection":[{"href":"https:\/\/www.messinaoggi.it\/website\/wp-json\/wp\/v2\/posts"}],"about":[{"href":"https:\/\/www.messinaoggi.it\/website\/wp-json\/wp\/v2\/types\/post"}],"author":[{"embeddable":true,"href":"https:\/\/www.messinaoggi.it\/website\/wp-json\/wp\/v2\/users\/18"}],"replies":[{"embeddable":true,"href":"https:\/\/www.messinaoggi.it\/website\/wp-json\/wp\/v2\/comments?post=140554"}],"version-history":[{"count":0,"href":"https:\/\/www.messinaoggi.it\/website\/wp-json\/wp\/v2\/posts\/140554\/revisions"}],"wp:featuredmedia":[{"embeddable":true,"href":"https:\/\/www.messinaoggi.it\/website\/wp-json\/wp\/v2\/media\/140555"}],"wp:attachment":[{"href":"https:\/\/www.messinaoggi.it\/website\/wp-json\/wp\/v2\/media?parent=140554"}],"wp:term":[{"taxonomy":"category","embeddable":true,"href":"https:\/\/www.messinaoggi.it\/website\/wp-json\/wp\/v2\/categories?post=140554"},{"taxonomy":"post_tag","embeddable":true,"href":"https:\/\/www.messinaoggi.it\/website\/wp-json\/wp\/v2\/tags?post=140554"}],"curies":[{"name":"wp","href":"https:\/\/api.w.org\/{rel}","templated":true}]}}