{"id":140539,"date":"2023-02-04T09:07:51","date_gmt":"2023-02-04T08:07:51","guid":{"rendered":"https:\/\/www.messinaoggi.it\/website\/2023\/02\/04\/autonomia-carfagna-citano-garibaldi-ma-spaccano-litalia\/"},"modified":"2023-02-04T09:07:51","modified_gmt":"2023-02-04T08:07:51","slug":"autonomia-carfagna-citano-garibaldi-ma-spaccano-litalia","status":"publish","type":"post","link":"https:\/\/www.messinaoggi.it\/website\/2023\/02\/04\/autonomia-carfagna-citano-garibaldi-ma-spaccano-litalia\/","title":{"rendered":"Autonomia, Carfagna \u201cCitano Garibaldi ma spaccano l\u2019Italia\u201d"},"content":{"rendered":"<div>ROMA (ITALPRESS) &#8211; &#8220;Intanto direi che \u00e8 una riforma da respingere in toto. Mi chiedo due cose. La prima: come fa chi si \u00e8 opposto vent&#8217;anni fa alla riforma del titolo V della Costituzione ad attuare l&#8217;autonomia nella sua forma pi\u00f9 divisiva ed estremista? E poi come fa la patriota Meloni a sottomettersi alla minoranza della Lega, su un progetto che \u00e8 inviso alla maggioranza degli italiani: medici, imprenditori, insegnanti, quasi tutti i governatori del Sud?&#8221;. Cos\u00ec Mara Carfagna, ex ministra del Sud e presidente di Azione, in una intervista a &#8220;La Repubblica&#8221; sull&#8217;autonomia differenziata appena licenziata dal Consiglio dei Ministri. Quindi aggiunge che &#8220;\u00e8 una norma manifesto, con la quale lo Stato rinuncia a gestire temi cruciali, come la sanit\u00e0, la scuola, i trasporti, l&#8217;energia. E abbiamo gi\u00e0 visto quale \u00e8 stato il prezzo di altre norme manifesto, dal reddito di cittadinanza a quota 100. Un prezzo che ancora paghiamo. Pi\u00f9 che il governo Meloni \u00e8 il governo Salvini-Calderoli: a 100 giorni dall&#8217;insediamento l&#8217;unico provvedimento che affronta un tema serio, nel modo sbagliato, di questo esecutivo \u00e8 l&#8217;autonomia&#8221;.<br \/>\nLa Carfagna si dice preoccupata del fatto che \u00e8 una riforma che &#8220;spacca il Paese. Scavalca il Parlamento, che si trover\u00e0 a ratificare intese con i presidenti di Regione come avviene con i capi di Stato stranieri. Questa maggioranza cita Garibaldi, ma poi torna a uno schema da Italia prerisorgimentale, con tanti staterelli diversi. Soprattutto, penalizza il Meridione. I livelli essenziali delle prestazioni, con questa riforma, vengono affidati a una cabina di regia politica. Non si \u00e8 capito come saranno finanziati, mentre con il governo Draghi sono riuscita a stanziare 2 miliardi per i Lep che riguardano asili nido, assistenti sociali e trasporto degli studenti disabili&#8221;.<div id=\"div-gpt-ad-Messinaoggi.it-DSK-300x250-corpoart\" style=\"text-align:center;margin:0 auto;\"><\/div><\/p>\n<p>(ITALPRESS).<div id=\"videoincontent\" style=\"clear:both\";><\/div><\/p><\/div>\n","protected":false},"excerpt":{"rendered":"<p>ROMA (ITALPRESS) &#8211; &#8220;Intanto direi che \u00e8 una riforma da respingere in toto. Mi chiedo due cose. La prima: come fa chi si \u00e8 opposto vent&#8217;anni fa alla riforma del titolo V della Costituzione ad attuare l&#8217;autonomia nella sua forma pi\u00f9 divisiva ed estremista? E poi come fa la patriota Meloni a sottomettersi alla minoranza [&hellip;]<\/p>\n","protected":false},"author":18,"featured_media":140540,"comment_status":"closed","ping_status":"closed","sticky":false,"template":"","format":"standard","meta":{"ub_ctt_via":"","_mi_skip_tracking":false},"categories":[446],"tags":[783],"featured_image_src":"https:\/\/www.messinaoggi.it\/website\/wp-content\/uploads\/2023\/02\/20230204_0093.jpg","author_info":{"display_name":"Admin","author_link":"https:\/\/www.messinaoggi.it\/website\/author\/admin\/"},"digistream_id":0,"digistream":false,"_links":{"self":[{"href":"https:\/\/www.messinaoggi.it\/website\/wp-json\/wp\/v2\/posts\/140539"}],"collection":[{"href":"https:\/\/www.messinaoggi.it\/website\/wp-json\/wp\/v2\/posts"}],"about":[{"href":"https:\/\/www.messinaoggi.it\/website\/wp-json\/wp\/v2\/types\/post"}],"author":[{"embeddable":true,"href":"https:\/\/www.messinaoggi.it\/website\/wp-json\/wp\/v2\/users\/18"}],"replies":[{"embeddable":true,"href":"https:\/\/www.messinaoggi.it\/website\/wp-json\/wp\/v2\/comments?post=140539"}],"version-history":[{"count":0,"href":"https:\/\/www.messinaoggi.it\/website\/wp-json\/wp\/v2\/posts\/140539\/revisions"}],"wp:featuredmedia":[{"embeddable":true,"href":"https:\/\/www.messinaoggi.it\/website\/wp-json\/wp\/v2\/media\/140540"}],"wp:attachment":[{"href":"https:\/\/www.messinaoggi.it\/website\/wp-json\/wp\/v2\/media?parent=140539"}],"wp:term":[{"taxonomy":"category","embeddable":true,"href":"https:\/\/www.messinaoggi.it\/website\/wp-json\/wp\/v2\/categories?post=140539"},{"taxonomy":"post_tag","embeddable":true,"href":"https:\/\/www.messinaoggi.it\/website\/wp-json\/wp\/v2\/tags?post=140539"}],"curies":[{"name":"wp","href":"https:\/\/api.w.org\/{rel}","templated":true}]}}