{"id":140533,"date":"2023-02-03T21:07:51","date_gmt":"2023-02-03T20:07:51","guid":{"rendered":"https:\/\/www.messinaoggi.it\/website\/2023\/02\/03\/sanremo-fiorello-con-viva-rai2-al-termine-di-ogni-puntata\/"},"modified":"2023-02-03T21:07:51","modified_gmt":"2023-02-03T20:07:51","slug":"sanremo-fiorello-con-viva-rai2-al-termine-di-ogni-puntata","status":"publish","type":"post","link":"https:\/\/www.messinaoggi.it\/website\/2023\/02\/03\/sanremo-fiorello-con-viva-rai2-al-termine-di-ogni-puntata\/","title":{"rendered":"Sanremo, Fiorello con Viva Rai2! al termine di ogni puntata"},"content":{"rendered":"<div>ROMA (ITALPRESS) &#8211; &#8220;Ci sono novit\u00e0 e sono incalzanti visto che mancano pochi giorni al Festival e voglio condividerle con Fiorello&#8221; Cos\u00ec Amadeus, in collegamento con il Tg1, annuncia una novit\u00e0 che riguarda il prossimo festival della canzone italiane.<br \/>&#8220;Siccome non avevi nulla di dire ci penso io: tutto nasce per il mio amore per Sanremo: facendo la trsmissione ogni giorno alle 7 del mattino, non lo avrei visto e quindi ho pensato di fare Viva Rai2! subito dopo la fine di Sanremo. Quindi su Rai1 dopo il Festival mi dai la linea e vado in diretta. Chi vuole pu\u00f2 venire in via Asiago, tu mi puoi chiamare quando vuoi. La mattina invece saremo in onda con Viva Sanremo! bis&#8221;, annuncia Fiorello. <br \/>&#8220;Una folle notizia ma che rallegra ancora di pi\u00f9 Sanremo&#8221;, ha chiosato il conduttore e direttore artistico del Festival.<br \/>Quattro puntate di Viva Rai2!, in diretta eccezionalmente su Rai1 da marted\u00ec 7 a venerd\u00ec 10 febbraio, subito dopo la puntata di Sanremo, 45 minuti tra notizie, variet\u00e0 e curiosit\u00e0 dall&#8217;Ariston grazie anche agli scoop e collegamenti in diretta con l&#8217;inviato  al Festival, Gabriele Vagnato. Tutto ci\u00f2 in compagnia di Fiorello e Biggio e di tutto il cast di Viva Rai2 dal Glass studio di Via Asiago. Mercoled\u00ec, gioved\u00ec e venerd\u00ec mattina, alle 7.15 su Rai2, andr\u00e0 in onda Viva Rai2&#8230;Viva Sanremo! bis.<br \/>(ITALPRESS).<br \/>-foto agenziafotogramma.it-<\/div>\n<div id=\"div-gpt-ad-Messinaoggi.it-DSK-300x250-corpoart\" style=\"text-align:center;margin:0 auto;\"><\/div><\/p><div id=\"videoincontent\" style=\"clear:both\";><\/div>","protected":false},"excerpt":{"rendered":"<p>ROMA (ITALPRESS) &#8211; &#8220;Ci sono novit\u00e0 e sono incalzanti visto che mancano pochi giorni al Festival e voglio condividerle con Fiorello&#8221; Cos\u00ec Amadeus, in collegamento con il Tg1, annuncia una novit\u00e0 che riguarda il prossimo festival della canzone italiane.&#8220;Siccome non avevi nulla di dire ci penso io: tutto nasce per il mio amore per Sanremo: [&hellip;]<\/p>\n","protected":false},"author":18,"featured_media":140534,"comment_status":"closed","ping_status":"closed","sticky":false,"template":"","format":"standard","meta":{"ub_ctt_via":"","_mi_skip_tracking":false},"categories":[446],"tags":[783],"featured_image_src":"https:\/\/www.messinaoggi.it\/website\/wp-content\/uploads\/2023\/02\/20230203_2414.jpg","author_info":{"display_name":"Admin","author_link":"https:\/\/www.messinaoggi.it\/website\/author\/admin\/"},"digistream_id":0,"digistream":false,"_links":{"self":[{"href":"https:\/\/www.messinaoggi.it\/website\/wp-json\/wp\/v2\/posts\/140533"}],"collection":[{"href":"https:\/\/www.messinaoggi.it\/website\/wp-json\/wp\/v2\/posts"}],"about":[{"href":"https:\/\/www.messinaoggi.it\/website\/wp-json\/wp\/v2\/types\/post"}],"author":[{"embeddable":true,"href":"https:\/\/www.messinaoggi.it\/website\/wp-json\/wp\/v2\/users\/18"}],"replies":[{"embeddable":true,"href":"https:\/\/www.messinaoggi.it\/website\/wp-json\/wp\/v2\/comments?post=140533"}],"version-history":[{"count":0,"href":"https:\/\/www.messinaoggi.it\/website\/wp-json\/wp\/v2\/posts\/140533\/revisions"}],"wp:featuredmedia":[{"embeddable":true,"href":"https:\/\/www.messinaoggi.it\/website\/wp-json\/wp\/v2\/media\/140534"}],"wp:attachment":[{"href":"https:\/\/www.messinaoggi.it\/website\/wp-json\/wp\/v2\/media?parent=140533"}],"wp:term":[{"taxonomy":"category","embeddable":true,"href":"https:\/\/www.messinaoggi.it\/website\/wp-json\/wp\/v2\/categories?post=140533"},{"taxonomy":"post_tag","embeddable":true,"href":"https:\/\/www.messinaoggi.it\/website\/wp-json\/wp\/v2\/tags?post=140533"}],"curies":[{"name":"wp","href":"https:\/\/api.w.org\/{rel}","templated":true}]}}