{"id":14051,"date":"2018-01-08T11:10:47","date_gmt":"2018-01-08T10:10:47","guid":{"rendered":"http:\/\/www.messinaoggi.it\/website\/?p=14051"},"modified":"2018-01-08T11:10:47","modified_gmt":"2018-01-08T10:10:47","slug":"autismo-fumata-nera-nellincontro-con-il-commissario-della-citta-metropolitana","status":"publish","type":"post","link":"https:\/\/www.messinaoggi.it\/website\/2018\/01\/08\/autismo-fumata-nera-nellincontro-con-il-commissario-della-citta-metropolitana\/","title":{"rendered":"Autismo, fumata nera nell&#039;incontro con il commissario della Citt\u00e0 metropolitana"},"content":{"rendered":"<p>Le Associazioni \u201cIl Volo\u201d, \u201cNati per la vita\u201d, \u201cLa linea curva &#8211; persone e autismo\u201d, a seguito dell\u2019incontro tenutosi con il Commissario della Citt\u00e0 metropolitana di Messina sul tema degli Assistenti alla Autonomia e alla Comunicazione ed in reazione ai provvedimenti e comunicati stampa emersi nei giorni successivi, intendono ribadire alcuni concetti.<br \/>\n&#8220;Riteniamo che la forma della \u201cgara a ribasso\u201d non rappresenti allo stato attuale lo strumento adatto a garantire la necessaria e migliore professionalit\u00e0 degli Assistenti all\u2019Autonomia e alla Comunicazione.<br \/>\nE&#8217; indispensabile e irrinunciabile &#8211; si legge nel conunicato &#8211; il coinvolgimento delle famiglie di alunni e studenti con disabilit\u00e0 nella selezione e scelta degli Assistenti all\u2019Autonomia e alla Comunicazione, la cui professionalit\u00e0 rappresenta un fattore necessario per garantire il migliore percorso formativo possibile.<br \/>\nRiteniamo essenziale la creazione di albi relativi agli Assistenti all\u2019Autonomia e alla Comunicazione che siano suddivisi per tipologia di disabilit\u00e0, stante il fatto che disabilit\u00e0 diverse richiedono altrettanto diverse competenze specifiche (Assistenti specializzati nelle disabilit\u00e0 dell\u2019udito, ad esempio, non sono necessariamente formati per affrontare disabilit\u00e0 quali l\u2019autismo).<br \/>\nPer quanto sopra riteniamo prioritario ed urgente la costituzione di un tavolo tecnico di confronto presso la Citt\u00e0 Metropolitana di Messina in cui siano presenti le Associazioni dei genitori degli studenti con disabilit\u00e0 &#8211; Associazioni da considerare interlocutrici privilegiate in quanto portatrici degli interessi dei propri figli &#8211; al fine di proporre e programmare soluzioni idonee a garantire il corretto svolgimento del servizio di Assistenza all\u2019Autonomia ed alla Comunicazione&#8221;.<div id=\"div-gpt-ad-Messinaoggi.it-DSK-300x250-corpoart\" style=\"text-align:center;margin:0 auto;\"><\/div><\/p>\n<div id=\"videoincontent\" style=\"clear:both\";><\/div>","protected":false},"excerpt":{"rendered":"<p>Le Associazioni \u201cIl Volo\u201d, \u201cNati per la vita\u201d, \u201cLa linea curva &#8211; persone e autismo\u201d, a seguito dell\u2019incontro tenutosi con il Commissario della Citt\u00e0 metropolitana di Messina sul tema degli Assistenti alla Autonomia e alla Comunicazione ed in reazione ai provvedimenti e comunicati stampa emersi nei giorni successivi, intendono ribadire alcuni concetti. &#8220;Riteniamo che la [&hellip;]<\/p>\n","protected":false},"author":2,"featured_media":10352,"comment_status":"closed","ping_status":"open","sticky":false,"template":"","format":"standard","meta":{"ub_ctt_via":"","_mi_skip_tracking":false},"categories":[5],"tags":[],"featured_image_src":"https:\/\/www.messinaoggi.it\/website\/wp-content\/uploads\/2017\/10\/palazzo-della-provincia-di-messinaRRP_1721.jpg","author_info":{"display_name":"Redazione","author_link":"https:\/\/www.messinaoggi.it\/website\/author\/redazione\/"},"digistream_id":0,"digistream":false,"_links":{"self":[{"href":"https:\/\/www.messinaoggi.it\/website\/wp-json\/wp\/v2\/posts\/14051"}],"collection":[{"href":"https:\/\/www.messinaoggi.it\/website\/wp-json\/wp\/v2\/posts"}],"about":[{"href":"https:\/\/www.messinaoggi.it\/website\/wp-json\/wp\/v2\/types\/post"}],"author":[{"embeddable":true,"href":"https:\/\/www.messinaoggi.it\/website\/wp-json\/wp\/v2\/users\/2"}],"replies":[{"embeddable":true,"href":"https:\/\/www.messinaoggi.it\/website\/wp-json\/wp\/v2\/comments?post=14051"}],"version-history":[{"count":0,"href":"https:\/\/www.messinaoggi.it\/website\/wp-json\/wp\/v2\/posts\/14051\/revisions"}],"wp:featuredmedia":[{"embeddable":true,"href":"https:\/\/www.messinaoggi.it\/website\/wp-json\/wp\/v2\/media\/10352"}],"wp:attachment":[{"href":"https:\/\/www.messinaoggi.it\/website\/wp-json\/wp\/v2\/media?parent=14051"}],"wp:term":[{"taxonomy":"category","embeddable":true,"href":"https:\/\/www.messinaoggi.it\/website\/wp-json\/wp\/v2\/categories?post=14051"},{"taxonomy":"post_tag","embeddable":true,"href":"https:\/\/www.messinaoggi.it\/website\/wp-json\/wp\/v2\/tags?post=14051"}],"curies":[{"name":"wp","href":"https:\/\/api.w.org\/{rel}","templated":true}]}}