{"id":140491,"date":"2023-02-03T19:07:54","date_gmt":"2023-02-03T18:07:54","guid":{"rendered":"https:\/\/www.messinaoggi.it\/website\/2023\/02\/03\/anarchici-meloni-lo-stato-e-sotto-attacco-non-dividiamoci\/"},"modified":"2023-02-03T19:07:54","modified_gmt":"2023-02-03T18:07:54","slug":"anarchici-meloni-lo-stato-e-sotto-attacco-non-dividiamoci","status":"publish","type":"post","link":"https:\/\/www.messinaoggi.it\/website\/2023\/02\/03\/anarchici-meloni-lo-stato-e-sotto-attacco-non-dividiamoci\/","title":{"rendered":"Anarchici, Meloni \u201cLo Stato \u00e8 sotto attacco, non dividiamoci\u201d"},"content":{"rendered":"<div>BERLINO (GERMANIA) (ITALPRESS) &#8211; &#8220;Noi abbiamo in questo momento un problema che mi pare che molti stiano sottovalutando. C&#8217;\u00e8 lo Stato italiano oggetto di attacchi da parte degli anarchici, in Italia e nelle sue sedi all&#8217;estero, con l&#8217;obiettivo di abolire uno strumento che noi reputiamo efficace (il 41 bis, ndr). E&#8217; lo stesso obiettivo della mafia. Di fronte a una minaccia crescente penso che tutti dovremmo ragionare su un livello pi\u00f9 alto, senza dividerci. Oggi c&#8217;\u00e8 una minaccia reale e vorrei richiamare tutti alla responsabilit\u00e0&#8221;. Lo dice il premier Giorgia Meloni, nel corso della conferenza stampa a Berlino dopo l&#8217;incontro con il cancelliere tedesco Olaf Scholz, rispondendo a una domanda sul caso Cospito e le dichiarazioni del sottosegretario Delmastro.<br \/>&#8220;Oggi ci sono due nuove persone sotto scorta, e questa non \u00e8 mai una vittoria&#8221;, ha aggiunto.<div id=\"div-gpt-ad-Messinaoggi.it-DSK-300x250-corpoart\" style=\"text-align:center;margin:0 auto;\"><\/div><\/p>\n<p>&#8211; foto Agenziafotogramma.it &#8211;<div id=\"videoincontent\" style=\"clear:both\";><\/div><\/p>\n<p>(ITALPRESS).<\/p><\/div>\n","protected":false},"excerpt":{"rendered":"<p>BERLINO (GERMANIA) (ITALPRESS) &#8211; &#8220;Noi abbiamo in questo momento un problema che mi pare che molti stiano sottovalutando. C&#8217;\u00e8 lo Stato italiano oggetto di attacchi da parte degli anarchici, in Italia e nelle sue sedi all&#8217;estero, con l&#8217;obiettivo di abolire uno strumento che noi reputiamo efficace (il 41 bis, ndr). E&#8217; lo stesso obiettivo della [&hellip;]<\/p>\n","protected":false},"author":18,"featured_media":140492,"comment_status":"closed","ping_status":"closed","sticky":false,"template":"","format":"standard","meta":{"ub_ctt_via":"","_mi_skip_tracking":false},"categories":[446],"tags":[783],"featured_image_src":"https:\/\/www.messinaoggi.it\/website\/wp-content\/uploads\/2023\/02\/20230203_2120.jpg","author_info":{"display_name":"Admin","author_link":"https:\/\/www.messinaoggi.it\/website\/author\/admin\/"},"digistream_id":0,"digistream":false,"_links":{"self":[{"href":"https:\/\/www.messinaoggi.it\/website\/wp-json\/wp\/v2\/posts\/140491"}],"collection":[{"href":"https:\/\/www.messinaoggi.it\/website\/wp-json\/wp\/v2\/posts"}],"about":[{"href":"https:\/\/www.messinaoggi.it\/website\/wp-json\/wp\/v2\/types\/post"}],"author":[{"embeddable":true,"href":"https:\/\/www.messinaoggi.it\/website\/wp-json\/wp\/v2\/users\/18"}],"replies":[{"embeddable":true,"href":"https:\/\/www.messinaoggi.it\/website\/wp-json\/wp\/v2\/comments?post=140491"}],"version-history":[{"count":0,"href":"https:\/\/www.messinaoggi.it\/website\/wp-json\/wp\/v2\/posts\/140491\/revisions"}],"wp:featuredmedia":[{"embeddable":true,"href":"https:\/\/www.messinaoggi.it\/website\/wp-json\/wp\/v2\/media\/140492"}],"wp:attachment":[{"href":"https:\/\/www.messinaoggi.it\/website\/wp-json\/wp\/v2\/media?parent=140491"}],"wp:term":[{"taxonomy":"category","embeddable":true,"href":"https:\/\/www.messinaoggi.it\/website\/wp-json\/wp\/v2\/categories?post=140491"},{"taxonomy":"post_tag","embeddable":true,"href":"https:\/\/www.messinaoggi.it\/website\/wp-json\/wp\/v2\/tags?post=140491"}],"curies":[{"name":"wp","href":"https:\/\/api.w.org\/{rel}","templated":true}]}}