{"id":140489,"date":"2023-02-03T18:08:01","date_gmt":"2023-02-03T17:08:01","guid":{"rendered":"https:\/\/www.messinaoggi.it\/website\/2023\/02\/03\/lazio-damato-rafforzare-la-sanita-e-chiudere-il-ciclo-dei-rifiuti\/"},"modified":"2023-02-03T18:08:01","modified_gmt":"2023-02-03T17:08:01","slug":"lazio-damato-rafforzare-la-sanita-e-chiudere-il-ciclo-dei-rifiuti","status":"publish","type":"post","link":"https:\/\/www.messinaoggi.it\/website\/2023\/02\/03\/lazio-damato-rafforzare-la-sanita-e-chiudere-il-ciclo-dei-rifiuti\/","title":{"rendered":"Lazio, D\u2019Amato \u201cRafforzare la sanit\u00e0 e chiudere il ciclo dei rifiuti\u201d"},"content":{"rendered":"<div>ROMA (ITALPRESS) &#8211; E&#8217; necessario &#8220;rafforzare il territorio, la prossimit\u00e0 \u00e8 un elemento importante. Abbiamo a disposizione dei fondi importanti del Pnrr, circa 800 milioni, per rafforzare e costruire la rete territoriale. Abbiamo una popolazione che invecchia e che richiede nuove esigenze&#8221;. Cos\u00ec il candidato del centrosinistra e del Terzo Polo alla presidenza della Regione Lazio, Alessio D&#8217;Amato, intervistato da Claudio Brachino per la rubrica Primo Piano Regionali dell&#8217;agenzia Italpress.<br \/>&#8220;Penso che nel post Covid il Paese debba riflettere seriamente sul Sistema sanitario &#8211; prosegue -, sempre visto come fonte di spesa e non di ricchezza, invece pu\u00f2 essere un driver di benessere fisico ma anche economico. Lo dico da una Regione leader per l&#8217;export farmaceutico, c&#8217;\u00e8 una grande ricerca e grandi professionalit\u00e0&#8221;.<br \/>D&#8217;Amato, assessore alla Sanit\u00e0 uscente della Regione, spiega poi che &#8220;c&#8217;\u00e8 grande stima del lavoro svolto&#8221; per il contrasto alla pandemia, &#8220;c&#8217;\u00e8 apprezzamento per la concretezza e per il modello Lazio. E&#8217; stata una emergenza difficile e dura ma l&#8217;abbiamo superata facendo squadra, ci ha consentito di essere guardati con grande attenzione&#8221;.<br \/>Il candidato del centrosinistra torna sulla questione dei rifiuti della Capitale spiegando che &#8220;va un p\u00f2 cambiato il paradigma: non un problema ma una risorsa. Il ciclo dei rifiuti a Roma va chiuso, bisogna aiutare Gualtieri e fare ci\u00f2 che si fa nelle altre capitali europee. E&#8217; assurdo che abbiamo questi rifiuti che vanno in giro per migliaia di chilometri e vanno nei termovalorizzatori, il paradosso \u00e8 che ci sono costi sociali e ambientale e benefici di cui usufruiscono cittadini non di Roma ma di altre realt\u00e0. E&#8217; una situazione che va ricondotta in termini di normalit\u00e0&#8221;, aggiunge.<br \/>Sempre parlando della Capitale, D&#8217;Amato auspica &#8220;l&#8217;aiuto di tutti affinch\u00e8 Roma possa presentare il nostro Paese in maniera adeguata. Il Giubileo \u00e8 un momento di culto importante, ma porter\u00e0 anche un flusso di pellegrini di circa 40 milioni, un biglietto da visita per la citt\u00e0. Bisogna contribuire tutti a fare in modo che le opere necessarie vengano completate nei tempi stabiliti&#8221;.<br \/>Le Piccole e medie imprese &#8220;in me troveranno un presidente amico, sono un elemento importante. E&#8217; chiaro che vanno sostenute, l&#8217;88% del nostro tessuto \u00e8 fatto da Pmi &#8211; evidenzia &#8211; abbiamo delle eccellenze formidabili, siamo la seconda regione in Europa per l&#8217;industria dell&#8217;audiovisivo, e per noi \u00e8 molto importante&#8221;. Infine autonomia e il rapporto con il MoVimento 5 Stelle. &#8220;Devo dare un giudizio negativo del provvedimento che \u00e8 stato approvato dal Cdm, se io sar\u00f2 presidente del Lazio esprimer\u00f2 una contrariet\u00e0. Se parti dalla spesa storica per finanziare alcuni servizi, il rischio &#8211; avverte D&#8217;Amato &#8211; \u00e8 che chi stava dietro resta dietro e chi stava pi\u00f9 avanti va pi\u00f9 avanti. Poi c&#8217;\u00e8 il tema della fiscalit\u00e0 regionale, se il presupposto \u00e8 l&#8217;invarianza significa che ci saranno Regioni che godranno di maggior benefici e altre meno. Le differenze rischiano di aumentare anzich\u00e8 di assottigliarsi. Sono molto preoccupato del testo uscito, tra l&#8217;altro, senza alcun confronto con le Regioni&#8221;.<br \/>Il motivo del mancato accordo con il M5S per le Regionali nel Lazio &#8220;va chiesto a Giuseppe Conte, \u00e8 lui che ha deciso che questo matrimonio non era da farsi &#8211; sottolinea D&#8217;Amato -. Noi stiamo governando il Lazio con questa esperienza che va da Terzo Polo al MoVimento 5 Stelle, le cose poi sono andate diversamente. Io mi rivolgo a tutti gli elettori sia dei 5 Stelle ma anche del centrodestra che vogliono avere un riferimento di valutare merito e risultati. Il voto \u00e8 diretto al presidente e mi io rivolger\u00f2 a tutti&#8221;, conclude.<div id=\"div-gpt-ad-Messinaoggi.it-DSK-300x250-corpoart\" style=\"text-align:center;margin:0 auto;\"><\/div><\/p>\n<p>&#8211; foto Italpress &#8211;<div id=\"videoincontent\" style=\"clear:both\";><\/div><\/p>\n<p>(ITALPRESS).<\/p><\/div>\n","protected":false},"excerpt":{"rendered":"<p>ROMA (ITALPRESS) &#8211; E&#8217; necessario &#8220;rafforzare il territorio, la prossimit\u00e0 \u00e8 un elemento importante. Abbiamo a disposizione dei fondi importanti del Pnrr, circa 800 milioni, per rafforzare e costruire la rete territoriale. Abbiamo una popolazione che invecchia e che richiede nuove esigenze&#8221;. Cos\u00ec il candidato del centrosinistra e del Terzo Polo alla presidenza della Regione [&hellip;]<\/p>\n","protected":false},"author":18,"featured_media":140490,"comment_status":"closed","ping_status":"closed","sticky":false,"template":"","format":"standard","meta":{"ub_ctt_via":"","_mi_skip_tracking":false},"categories":[446],"tags":[783],"featured_image_src":"https:\/\/www.messinaoggi.it\/website\/wp-content\/uploads\/2023\/02\/20230203_2030.jpg","author_info":{"display_name":"Admin","author_link":"https:\/\/www.messinaoggi.it\/website\/author\/admin\/"},"digistream_id":0,"digistream":false,"_links":{"self":[{"href":"https:\/\/www.messinaoggi.it\/website\/wp-json\/wp\/v2\/posts\/140489"}],"collection":[{"href":"https:\/\/www.messinaoggi.it\/website\/wp-json\/wp\/v2\/posts"}],"about":[{"href":"https:\/\/www.messinaoggi.it\/website\/wp-json\/wp\/v2\/types\/post"}],"author":[{"embeddable":true,"href":"https:\/\/www.messinaoggi.it\/website\/wp-json\/wp\/v2\/users\/18"}],"replies":[{"embeddable":true,"href":"https:\/\/www.messinaoggi.it\/website\/wp-json\/wp\/v2\/comments?post=140489"}],"version-history":[{"count":0,"href":"https:\/\/www.messinaoggi.it\/website\/wp-json\/wp\/v2\/posts\/140489\/revisions"}],"wp:featuredmedia":[{"embeddable":true,"href":"https:\/\/www.messinaoggi.it\/website\/wp-json\/wp\/v2\/media\/140490"}],"wp:attachment":[{"href":"https:\/\/www.messinaoggi.it\/website\/wp-json\/wp\/v2\/media?parent=140489"}],"wp:term":[{"taxonomy":"category","embeddable":true,"href":"https:\/\/www.messinaoggi.it\/website\/wp-json\/wp\/v2\/categories?post=140489"},{"taxonomy":"post_tag","embeddable":true,"href":"https:\/\/www.messinaoggi.it\/website\/wp-json\/wp\/v2\/tags?post=140489"}],"curies":[{"name":"wp","href":"https:\/\/api.w.org\/{rel}","templated":true}]}}