{"id":140415,"date":"2023-02-03T12:07:51","date_gmt":"2023-02-03T11:07:51","guid":{"rendered":"https:\/\/www.messinaoggi.it\/website\/2023\/02\/03\/lazio-bianchi-faremo-il-reddito-di-cittadinanza-regionale\/"},"modified":"2023-02-03T12:07:51","modified_gmt":"2023-02-03T11:07:51","slug":"lazio-bianchi-faremo-il-reddito-di-cittadinanza-regionale","status":"publish","type":"post","link":"https:\/\/www.messinaoggi.it\/website\/2023\/02\/03\/lazio-bianchi-faremo-il-reddito-di-cittadinanza-regionale\/","title":{"rendered":"Lazio, Bianchi \u201cFaremo il reddito di cittadinanza regionale\u201d"},"content":{"rendered":"<div>ROMA (ITALPRESS) &#8211; Ambiente, sanit\u00e0, trasporti, ma anche lavoro, sostegno al reddito e autonomia differenziata sono i temi trattati dalla candidata alla presidenza della Regione Lazio per il MoVimento 5 Stelle, Donatella Bianchi, intervistata da Claudio Brachino per la rubrica Primo Piano dell&#8217;Agenzia Italpress. Per Bianchi sar\u00e0 necessario fin da subito guardare al &#8220;rilancio del lavoro&#8221; ma anche attenzione alle &#8220;fasce pi\u00f9 deboli&#8221; e alla troppa disoccupazione. Servir\u00e0 &#8220;un sostegno dove non \u00e8 possibile da subito la reintroduzione nel mondo del lavoro. Penso al Reddito di cittadinanza regionale, io non faccio promesse da campagna elettorale ma ho fatto i conti, ci sono pi\u00f9 di 2 miliardi per la Regione Lazio di un fondo europeo che ci consente di reintrodurre un sostegno come il Reddito di cittadinanza in Regione, ci sono 350mila percettori che resteranno senza sostegno tra pochissimi mesi. Questa \u00e8 dignit\u00e0 e dobbiamo garantirla, lo possiamo fare come Regione e metteremo in atto tutte le misure per questo, cercando poi di stimolare la reintroduzione nel mondo del lavoro&#8221;, aggiunge. <br \/>La candidata del M5S spiega poi la sua &#8220;ricetta&#8221; per la sanit\u00e0 della Regione: territorialit\u00e0, maggiore personale all&#8217;interno degli ospedali, psicologo di base. &#8220;La sanit\u00e0 territoriale, bisogna partire da l\u00ec affinch\u00e8 i pronto soccorso e gli ospedali non diventino un imbuto di tutti i problemi che possono essere diagnosticati e curati prima. Bisogna ripartire dalla medicina territoriale. Ripartiamo dal pubblico e rendiamo il privato complementare e non competitivo. La pandemia cosa ci ha insegnato? Che non ne siamo usciti migliori se durante la pandemia definivamo medici e infermieri &#8216;i nostri angel\u00ec e poi ce li siamo dimenticati &#8211; prosegue &#8211; sono precari e hanno stipendi da fame, costretti a lavorare facendo turni su turni addirittura entrando in competizione con chi viene chiamato dall&#8217;esterno. Bisogna incentivare alcune figure che sono chiave per far tornare i medici nei nostri ospedali perch\u00e8 ne mancano troppi. Manca lo psicologo di base, altro problema drammatico che ci ha lasciato la pandemia e che diventa una figura necessaria&#8221;. <br \/>Poi l&#8217;ambiente, tema centrale nella vita di Bianchi. &#8220;L&#8217;ambiente \u00e8 tutelare quel bene che la nostra Costituzione dall&#8217;anno scorso ha inserito tra i principi e che \u00e8 trasversale a tutta una serie di scelte strategiche ed economiche. Vivere in armonia con la natura facendo una serie di scelte strategiche che ci portino in quella direzione che oggi crea economia. Il punto da cui partire: uno sviluppo di questa Regione ma in chiave di sostenibilit\u00e0&#8221;. Secondo Bianchi poi l&#8217;annosa questione dei rifiuti nella Capitale non \u00e8 risolvibile con il termovalorizzatore: &#8220;Noi stiamo dicendo che il termovalorizzatore risolve il problema dei rifiuti sotto casa, non mentiamo&#8221;. La strada \u00e8 quella di &#8220;realizzare degli impianti pi\u00f9 piccoli e di prossimit\u00e0 mirati a quella quota di indifferenziata che noi dobbiamo smaltire, \u00e8 anche ci\u00f2 che il Pnrr ci conferma dicendo che non si fanno investimenti su termovalorizzatori ma su altre tecnologie e siti di smaltimento&#8221;. <br \/>Per quanto riguarda la mobilit\u00e0 la candidata del M5S evidenzia le condizioni in cui tantissimi pendolari sono costretti a raggiungere Roma ogni giorno e sottolinea la necessit\u00e0 di &#8220;ripartire dalla riorganizzazione dei trasporti su ferro che \u00e8 quello che ci dice l&#8217;Ue e che \u00e8 la mobilit\u00e0 migliore per i pendolari&#8221;. Poi un commento sul ddl varato ieri dal Consiglio dei Ministri sull&#8217;autonomia differenziata che per Bianchi &#8220;\u00e8 stata pensata male, una bozza riscritta quattro volte e oggi siamo qui e non sappiamo dove saranno le coperture per colmare le arretratezze e i gap che esistono gi\u00e0. Andiamo avanti con colpi di mano su progetti che rischiano di stravolgere e spaccare il nostro Paese? Non capisco come la premier continui a dire che l&#8217;autonomia unisca l&#8217;Italia. E&#8217; un modo anche arrogante di imporre le cose, le autonomie differenziate premiano Fontana in Lombardia, un regalo che si fa alla Lega proprio in funzione di una scadenza elettorale, ma perch\u00e8 farlo quando ci sono delle elezioni in corso? Almeno si poteva aspettare il 12 febbraio&#8221;. <div id=\"div-gpt-ad-Messinaoggi.it-DSK-300x250-corpoart\" style=\"text-align:center;margin:0 auto;\"><\/div><\/p>\n<p>&#8211; foto Italpress &#8211;<br \/>(ITALPRESS).<\/div>\n<div id=\"videoincontent\" style=\"clear:both\";><\/div>","protected":false},"excerpt":{"rendered":"<p>ROMA (ITALPRESS) &#8211; Ambiente, sanit\u00e0, trasporti, ma anche lavoro, sostegno al reddito e autonomia differenziata sono i temi trattati dalla candidata alla presidenza della Regione Lazio per il MoVimento 5 Stelle, Donatella Bianchi, intervistata da Claudio Brachino per la rubrica Primo Piano dell&#8217;Agenzia Italpress. Per Bianchi sar\u00e0 necessario fin da subito guardare al &#8220;rilancio del [&hellip;]<\/p>\n","protected":false},"author":18,"featured_media":140416,"comment_status":"closed","ping_status":"closed","sticky":false,"template":"","format":"standard","meta":{"ub_ctt_via":"","_mi_skip_tracking":false},"categories":[446],"tags":[783],"featured_image_src":"https:\/\/www.messinaoggi.it\/website\/wp-content\/uploads\/2023\/02\/20230203_0318.jpg","author_info":{"display_name":"Admin","author_link":"https:\/\/www.messinaoggi.it\/website\/author\/admin\/"},"digistream_id":0,"digistream":false,"_links":{"self":[{"href":"https:\/\/www.messinaoggi.it\/website\/wp-json\/wp\/v2\/posts\/140415"}],"collection":[{"href":"https:\/\/www.messinaoggi.it\/website\/wp-json\/wp\/v2\/posts"}],"about":[{"href":"https:\/\/www.messinaoggi.it\/website\/wp-json\/wp\/v2\/types\/post"}],"author":[{"embeddable":true,"href":"https:\/\/www.messinaoggi.it\/website\/wp-json\/wp\/v2\/users\/18"}],"replies":[{"embeddable":true,"href":"https:\/\/www.messinaoggi.it\/website\/wp-json\/wp\/v2\/comments?post=140415"}],"version-history":[{"count":0,"href":"https:\/\/www.messinaoggi.it\/website\/wp-json\/wp\/v2\/posts\/140415\/revisions"}],"wp:featuredmedia":[{"embeddable":true,"href":"https:\/\/www.messinaoggi.it\/website\/wp-json\/wp\/v2\/media\/140416"}],"wp:attachment":[{"href":"https:\/\/www.messinaoggi.it\/website\/wp-json\/wp\/v2\/media?parent=140415"}],"wp:term":[{"taxonomy":"category","embeddable":true,"href":"https:\/\/www.messinaoggi.it\/website\/wp-json\/wp\/v2\/categories?post=140415"},{"taxonomy":"post_tag","embeddable":true,"href":"https:\/\/www.messinaoggi.it\/website\/wp-json\/wp\/v2\/tags?post=140415"}],"curies":[{"name":"wp","href":"https:\/\/api.w.org\/{rel}","templated":true}]}}