{"id":14040,"date":"2018-01-08T09:58:43","date_gmt":"2018-01-08T08:58:43","guid":{"rendered":"http:\/\/www.messinaoggi.it\/website\/?p=14040"},"modified":"2018-01-08T09:58:43","modified_gmt":"2018-01-08T08:58:43","slug":"messina-ha-avuto-il-natale-che-merita","status":"publish","type":"post","link":"https:\/\/www.messinaoggi.it\/website\/2018\/01\/08\/messina-ha-avuto-il-natale-che-merita\/","title":{"rendered":"Messina ha avuto il Natale che merita"},"content":{"rendered":"<p style=\"text-align: justify;\">Messina ha avuto il Natale che desiderava e meritava. Il Villaggio di Natale della Confcommercio ha chiuso i battenti ieri all\u2019interno del Laboratorio del Gusto, una struttura che per ventitre intensi giorni \u00e8 diventato un vero e proprio salotto all\u2019aperto, capace di unire tradizioni culinarie, eccellenze della citt\u00e0 e del territorio e persone di livello in grado di proporre idee per il futuro. La chiusura \u00e8 stata dedicata al presidente Carmelo Picciotto, tutti i suoi collaboratori ed organizzatori dell\u2019evento, si sono presentati con una maglietta con la scritta Grazie Presidente, un attestato di stima e di fiducia che conferma come la manifestazione sia riuscita, seppur tra mille difficolt\u00e0.<div id=\"div-gpt-ad-Messinaoggi.it-DSK-300x250-corpoart\" style=\"text-align:center;margin:0 auto;\"><\/div><\/p>\n<p style=\"text-align: justify;\"><em>\u201cIl Natale a Messina non \u00e8 solo ruota Panoramica\u201d<\/em> dicevano gli organizzatori e cos\u00ec \u00e8 stato. Non vi \u00e8 dubbio che la struttura donata dalla Caff\u00e8 Barbera sia stata la grande attrattiva del villaggio, cos\u00ec tutte le polemiche e critiche sterili sono state spazzate dalle file quotidiane dei messinesi desiderosi di salirci e dai selfie fatti ad alta quota dalle persone sorridenti, a\u00a0 dimostrazione che le parole se le porta via il vento e ci\u00f2 che restano sono i fatti. La piazza \u00e8 tornata a vibrare grazie ai grandi appuntamenti musicali, da Francesco Sarcina ai Tinturia, ma hanno trovato parecchio spazio anche le band messinesi, senza dimenticare le risate di Giuseppe Castiglia. Un calendario seguito pazientemente da Stefania Rizzo.<div id=\"videoincontent\" style=\"clear:both\";><\/div><\/p>\n<p style=\"text-align: justify;\">Poi c\u2019\u00e8 stata la Casa di Babbo Natale, capace di attrarre ben oltre 1200 visitatori nei primi dieci giorni della manifestazione. Questo grazie l\u2019encomiabile lavoro fatto dal Santa Claus di piazza Cairoli, al secolo Luca Peschiera, e dalla squadra di seguaci elfi ed elfe. Cos\u00ec come importante \u00e8 stata la presenza della pista da ghiaccio e del presepe, vero e proprio simbolo del Natale. Quotidianamente trovava spazio anche la solidariet\u00e0 con uno stand socioculturale, che giorno per giorno \u00a0ha ospitato associazioni e persone che quotidianamente si prodigano per una giusta causa. Dalle terapie per i bambini autisitici, fino agli screening sui sani stili di vita passando per il primo soccorso.<\/p>\n<p style=\"text-align: justify;\">Un capitolo a parte merita il Laboratorio del Gusto, nato per mettere in risalto le eccellenze artigianali della nostra citt\u00e0, ma anche del nostro territorio. Veri e proprio artisti del gusto si sono susseguiti nei vari appuntamenti, facendo vedere come dalle materie prime si arriva al prodotto finale. Il torrone gelato di Freni, i piatti particolari di chef Pasquale Caliri, le cene sensoriali di Anthony Andaloro, il bianco e nero di Delia, il pane di Cannata fatto solo con grani antichi e i prodotti dello chef Pasticcere Lillo Vinci.<\/p>\n<p style=\"text-align: justify;\">Una rassegna che ha raccontato le storie degli uomini faber, gli uomini che fanno, fanno nella loro quotidianit\u00e0 di speranze e di fiducia verso una citt\u00e0 a alla perenne ricerca della svolta. Appuntamenti in cui si parlava di mangiare in modo consapevole, informandosi sulla qualit\u00e0 di ci\u00f2 che si ingerisce e soprattutto di ci\u00f2 che si compra e se lo si fa favorendo produttori locali \u00e8 ancora meglio. A presentare le serate ci ha pensato il sommelier Roberto Raciti, che ogni volta presentava un abbinamento sempre nuovo con vini e spumanti di qualit\u00e0, tutti rigorosamente siciliani. A rendere la vita facile agli chef ci hanno pensato i macchinari \u00a0promossi dalla Farc di Francesco Fabiano, vero e proprio uomo faber della rassegna.<\/p>\n<p style=\"text-align: justify;\">A coordinare sapientemente il tutto, ci ha pensato la responsabile socioculturale della Confcommercio, Sabrina Assenzio, madrina dell\u2019evento. Sempre restando in tema di eccellenze, non si pu\u00f2 non citare i ragazzi dell\u2019Istituto alberghiero \u201cAntonello\u201d, sempre presenti in sala e dietro i fornelli, magistralmente seguiti dai propri docenti. Ragazzi dalla faccia pulita, dalla voce timida e da gli occhi trasudanti di sogni, che hanno servito i piatti e i vini con discrezione e professionalit\u00e0, avendo il primo contatto con quella che \u00e8 la prima esperienza lavorativa della loro vita. Segnale migliore per il futuro non ci poteva essere.<\/p>\n","protected":false},"excerpt":{"rendered":"<p>Messina ha avuto il Natale che desiderava e meritava. Il Villaggio di Natale della Confcommercio ha chiuso i battenti ieri all\u2019interno del Laboratorio del Gusto, una struttura che per ventitre intensi giorni \u00e8 diventato un vero e proprio salotto all\u2019aperto, capace di unire tradizioni culinarie, eccellenze della citt\u00e0 e del territorio e persone di livello [&hellip;]<\/p>\n","protected":false},"author":2,"featured_media":14041,"comment_status":"closed","ping_status":"open","sticky":false,"template":"","format":"standard","meta":{"ub_ctt_via":"","_mi_skip_tracking":false},"categories":[6],"tags":[],"featured_image_src":"https:\/\/www.messinaoggi.it\/website\/wp-content\/uploads\/2018\/01\/confcommercio-natale-1.jpg","author_info":{"display_name":"Redazione","author_link":"https:\/\/www.messinaoggi.it\/website\/author\/redazione\/"},"digistream_id":0,"digistream":false,"_links":{"self":[{"href":"https:\/\/www.messinaoggi.it\/website\/wp-json\/wp\/v2\/posts\/14040"}],"collection":[{"href":"https:\/\/www.messinaoggi.it\/website\/wp-json\/wp\/v2\/posts"}],"about":[{"href":"https:\/\/www.messinaoggi.it\/website\/wp-json\/wp\/v2\/types\/post"}],"author":[{"embeddable":true,"href":"https:\/\/www.messinaoggi.it\/website\/wp-json\/wp\/v2\/users\/2"}],"replies":[{"embeddable":true,"href":"https:\/\/www.messinaoggi.it\/website\/wp-json\/wp\/v2\/comments?post=14040"}],"version-history":[{"count":0,"href":"https:\/\/www.messinaoggi.it\/website\/wp-json\/wp\/v2\/posts\/14040\/revisions"}],"wp:featuredmedia":[{"embeddable":true,"href":"https:\/\/www.messinaoggi.it\/website\/wp-json\/wp\/v2\/media\/14041"}],"wp:attachment":[{"href":"https:\/\/www.messinaoggi.it\/website\/wp-json\/wp\/v2\/media?parent=14040"}],"wp:term":[{"taxonomy":"category","embeddable":true,"href":"https:\/\/www.messinaoggi.it\/website\/wp-json\/wp\/v2\/categories?post=14040"},{"taxonomy":"post_tag","embeddable":true,"href":"https:\/\/www.messinaoggi.it\/website\/wp-json\/wp\/v2\/tags?post=14040"}],"curies":[{"name":"wp","href":"https:\/\/api.w.org\/{rel}","templated":true}]}}