{"id":140358,"date":"2023-02-03T00:07:55","date_gmt":"2023-02-02T23:07:55","guid":{"rendered":"https:\/\/www.messinaoggi.it\/website\/2023\/02\/02\/casellati-con-lautonomia-nessuna-regione-restera-indietro\/"},"modified":"2023-02-03T08:29:20","modified_gmt":"2023-02-03T07:29:20","slug":"casellati-con-lautonomia-nessuna-regione-restera-indietro","status":"publish","type":"post","link":"https:\/\/www.messinaoggi.it\/website\/2023\/02\/03\/casellati-con-lautonomia-nessuna-regione-restera-indietro\/","title":{"rendered":"Casellati \u201cCon l\u2019autonomia nessuna Regione rester\u00e0 indietro\u201d"},"content":{"rendered":"<div>ROMA (ITALPRESS) &#8211; &#8220;Nessuna regione rester\u00e0 indietro, autonomia significa migliore allocazione delle risorse in modo che tutte le Regioni possano esprimere le loro potenzialit\u00e0. Ci sar\u00e0 un arricchimento e non un depauperamento o differenza tra una regione e l&#8217;altra. Questa \u00e8 una giornata importante per l&#8217;Italia&#8221;. Lo ha detto il ministro per le Riforme istituzionali e la Semplificazione normativa,Maria Elisabetta Alberti Casellati, in conferenza stampa al termine del Consiglio dei Ministri. <br \/>-foto agenziafotogramma.it-<br \/>(ITALPRESS).<\/div>\n<div id=\"div-gpt-ad-Messinaoggi.it-DSK-300x250-corpoart\" style=\"text-align:center;margin:0 auto;\"><\/div><\/p><div id=\"videoincontent\" style=\"clear:both\";><\/div>","protected":false},"excerpt":{"rendered":"<p>ROMA (ITALPRESS) &#8211; &#8220;Nessuna regione rester\u00e0 indietro, autonomia significa migliore allocazione delle risorse in modo che tutte le Regioni possano esprimere le loro potenzialit\u00e0. Ci sar\u00e0 un arricchimento e non un depauperamento o differenza tra una regione e l&#8217;altra. Questa \u00e8 una giornata importante per l&#8217;Italia&#8221;. Lo ha detto il ministro per le Riforme istituzionali [&hellip;]<\/p>\n","protected":false},"author":18,"featured_media":140359,"comment_status":"closed","ping_status":"closed","sticky":false,"template":"","format":"standard","meta":{"ub_ctt_via":"","_mi_skip_tracking":false},"categories":[446,4],"tags":[783],"featured_image_src":"https:\/\/www.messinaoggi.it\/website\/wp-content\/uploads\/2023\/02\/20230202_2491.jpg","author_info":{"display_name":"Admin","author_link":"https:\/\/www.messinaoggi.it\/website\/author\/admin\/"},"digistream_id":0,"digistream":false,"_links":{"self":[{"href":"https:\/\/www.messinaoggi.it\/website\/wp-json\/wp\/v2\/posts\/140358"}],"collection":[{"href":"https:\/\/www.messinaoggi.it\/website\/wp-json\/wp\/v2\/posts"}],"about":[{"href":"https:\/\/www.messinaoggi.it\/website\/wp-json\/wp\/v2\/types\/post"}],"author":[{"embeddable":true,"href":"https:\/\/www.messinaoggi.it\/website\/wp-json\/wp\/v2\/users\/18"}],"replies":[{"embeddable":true,"href":"https:\/\/www.messinaoggi.it\/website\/wp-json\/wp\/v2\/comments?post=140358"}],"version-history":[{"count":1,"href":"https:\/\/www.messinaoggi.it\/website\/wp-json\/wp\/v2\/posts\/140358\/revisions"}],"predecessor-version":[{"id":140369,"href":"https:\/\/www.messinaoggi.it\/website\/wp-json\/wp\/v2\/posts\/140358\/revisions\/140369"}],"wp:featuredmedia":[{"embeddable":true,"href":"https:\/\/www.messinaoggi.it\/website\/wp-json\/wp\/v2\/media\/140359"}],"wp:attachment":[{"href":"https:\/\/www.messinaoggi.it\/website\/wp-json\/wp\/v2\/media?parent=140358"}],"wp:term":[{"taxonomy":"category","embeddable":true,"href":"https:\/\/www.messinaoggi.it\/website\/wp-json\/wp\/v2\/categories?post=140358"},{"taxonomy":"post_tag","embeddable":true,"href":"https:\/\/www.messinaoggi.it\/website\/wp-json\/wp\/v2\/tags?post=140358"}],"curies":[{"name":"wp","href":"https:\/\/api.w.org\/{rel}","templated":true}]}}