{"id":140198,"date":"2023-02-01T23:07:54","date_gmt":"2023-02-01T22:07:54","guid":{"rendered":"https:\/\/www.messinaoggi.it\/website\/2023\/02\/01\/cospito-meloni-la-sfida-non-e-al-governo-ma-allo-stato\/"},"modified":"2023-02-01T23:07:54","modified_gmt":"2023-02-01T22:07:54","slug":"cospito-meloni-la-sfida-non-e-al-governo-ma-allo-stato","status":"publish","type":"post","link":"https:\/\/www.messinaoggi.it\/website\/2023\/02\/01\/cospito-meloni-la-sfida-non-e-al-governo-ma-allo-stato\/","title":{"rendered":"Cospito, Meloni \u201cLa sfida non \u00e8 al Governo ma allo Stato\u201d"},"content":{"rendered":"<div>ROMA (ITALPRESS) &#8211; &#8220;La sfida non \u00e8 al Governo, la sfida \u00e8 allo Stato. Non \u00e8 un problema politico, di destra e sinistra. In questi giorni ho visto molti toni che secondo me buttavano in politica una questione che secondo me ci riguarda tutti. Il Governo non ha fatto altro che il suo lavoro, facendo molta attenzione a non alzare i toni su questo. Quando siamo stati interrogati abbiamo risposto su come uno Stato serio dovrebbe affrontare una materia del genere&#8221;. Lo ha detto il premier Giorgia Meloni intervenendo telefonicamente sul caso Cospito a &#8220;Stasera Italia&#8221; su Rete4.<br \/>\n&#8220;In che cosa si ritiene che il Governo stia incitando la piazza? Lo Stato deve rimanere fermo di fronte alle minacce mafiose, come di fronte a quelle dei terroristi &#8211; ha aggiunto Meloni -. Dobbiamo rimettere le cose nella loro dimensione, capire chi crea il problema e chi non lo crea. Il problema qui non l&#8217;ha mica creato il Governo, l&#8217;ha creato chi ha deciso deliberatamente di sfidare lo Stato italiano&#8221;. &#8220;Io consiglio francamente prudenza e<br \/>\nresponsabilit\u00e0&#8221;, ha sottolineato.<div id=\"div-gpt-ad-Messinaoggi.it-DSK-300x250-corpoart\" style=\"text-align:center;margin:0 auto;\"><\/div><\/p>\n<p>&#8211; foto agenziafotogramma.it &#8211;<br \/>\n(ITALPRESS).<div id=\"videoincontent\" style=\"clear:both\";><\/div><\/p><\/div>\n","protected":false},"excerpt":{"rendered":"<p>ROMA (ITALPRESS) &#8211; &#8220;La sfida non \u00e8 al Governo, la sfida \u00e8 allo Stato. Non \u00e8 un problema politico, di destra e sinistra. In questi giorni ho visto molti toni che secondo me buttavano in politica una questione che secondo me ci riguarda tutti. Il Governo non ha fatto altro che il suo lavoro, facendo [&hellip;]<\/p>\n","protected":false},"author":18,"featured_media":140199,"comment_status":"closed","ping_status":"closed","sticky":false,"template":"","format":"standard","meta":{"ub_ctt_via":"","_mi_skip_tracking":false},"categories":[446],"tags":[783],"featured_image_src":"https:\/\/www.messinaoggi.it\/website\/wp-content\/uploads\/2023\/02\/20230201_2241.jpg","author_info":{"display_name":"Admin","author_link":"https:\/\/www.messinaoggi.it\/website\/author\/admin\/"},"digistream_id":0,"digistream":false,"_links":{"self":[{"href":"https:\/\/www.messinaoggi.it\/website\/wp-json\/wp\/v2\/posts\/140198"}],"collection":[{"href":"https:\/\/www.messinaoggi.it\/website\/wp-json\/wp\/v2\/posts"}],"about":[{"href":"https:\/\/www.messinaoggi.it\/website\/wp-json\/wp\/v2\/types\/post"}],"author":[{"embeddable":true,"href":"https:\/\/www.messinaoggi.it\/website\/wp-json\/wp\/v2\/users\/18"}],"replies":[{"embeddable":true,"href":"https:\/\/www.messinaoggi.it\/website\/wp-json\/wp\/v2\/comments?post=140198"}],"version-history":[{"count":0,"href":"https:\/\/www.messinaoggi.it\/website\/wp-json\/wp\/v2\/posts\/140198\/revisions"}],"wp:featuredmedia":[{"embeddable":true,"href":"https:\/\/www.messinaoggi.it\/website\/wp-json\/wp\/v2\/media\/140199"}],"wp:attachment":[{"href":"https:\/\/www.messinaoggi.it\/website\/wp-json\/wp\/v2\/media?parent=140198"}],"wp:term":[{"taxonomy":"category","embeddable":true,"href":"https:\/\/www.messinaoggi.it\/website\/wp-json\/wp\/v2\/categories?post=140198"},{"taxonomy":"post_tag","embeddable":true,"href":"https:\/\/www.messinaoggi.it\/website\/wp-json\/wp\/v2\/tags?post=140198"}],"curies":[{"name":"wp","href":"https:\/\/api.w.org\/{rel}","templated":true}]}}